{"id":417,"date":"2020-12-04T11:17:52","date_gmt":"2020-12-04T10:17:52","guid":{"rendered":"https:\/\/becsingatlan.com\/pages\/?p=417"},"modified":"2020-12-17T10:11:04","modified_gmt":"2020-12-17T09:11:04","slug":"kiadok-a-korabbi-airbnb-lakasok-becsben-megsem-csokkennek-az-arak","status":"publish","type":"post","link":"https:\/\/becsingatlan.com\/pages\/kiadok-a-korabbi-airbnb-lakasok-becsben-megsem-csokkennek-az-arak\/","title":{"rendered":"Kiad\u00f3k a kor\u00e1bbi Airbnb lak\u00e1sok B\u00e9csben, m\u00e9gsem cs\u00f6kkennek az \u00e1rak"},"content":{"rendered":"\n<p>Az el\u0151z\u0151 \u00e9vekben a tulajdonosok a hossz\u00fa t\u00e1v\u00fa b\u00e9rleti keretek helyett sokszor rendezt\u00e9k be az ingatlanjaikat turist\u00e1knak r\u00f6videbb peri\u00f3dusokra, ak\u00e1r h\u00e9tv\u00e9gi kiad\u00e1si c\u00e9llal. A sz\u00e1m\u00edt\u00e1sok szerint ez akkor j\u00f6vedelmez\u0151bbnek is bizonyult. A probl\u00e9ma viszont az, hogy egyes nagyv\u00e1rosokban, mint p\u00e9ld\u00e1ul Barcelona, tov\u00e1bb sr\u00f3folta az addig is magas b\u00e9rleti d\u00edjakat, ez pedig ki is v\u00e1ltotta a helyi lakosok el\u00e9gedetlens\u00e9g\u00e9t, akiknek a lakhat\u00e1sa \u00edgy igencsak megdr\u00e1gult. (Az osztr\u00e1k nagyv\u00e1rosok t\u00f6bbs\u00e9g\u00e9ben szigor\u00fa adatk\u00f6zl\u00e9si k\u00f6telezetts\u00e9g \u00e9s szab\u00e1lyoz\u00e1s al\u00e1 esnek az erre a c\u00e9lra kiadott ingatlanok, de hat\u00e1suk \u00edgy is \u00e9rz\u00e9kelhet\u0151 volt az ut\u00f3bbi \u00e9vekben.).<\/p>\n\n\n\n<p>A koronav\u00edrus \u00e9rkez\u00e9s\u00e9vel azonban ezek az utaz\u00f3 szerepl\u0151k egyik pillanatr\u00f3l a m\u00e1sikra elt\u0171ntek a v\u00e1rosokb\u00f3l. \u00c9s mi t\u00f6rt\u00e9nt akkor ezekkel az Airbnb-lak\u00e1sokkal? A szab\u00e1lyozott b\u00e9rlak\u00e1spiacon landoltak, der\u00fcl ki a b\u00e9csi M\u0171szaki Egyetem (TU) felm\u00e9r\u00e9s\u00e9b\u0151l. Az int\u00e9zm\u00e9ny kutat\u00f3csapata az online platformok seg\u00edts\u00e9g\u00e9vel vette g\u00f3rcs\u0151 al\u00e1 a folyamatokat. M\u00e1rciust\u00f3l m\u00e1jusig 4 osztr\u00e1k nagyv\u00e1rost, B\u00e9cset, Salzbzurgot, Innbsruckot \u00e9s Grazot vizsg\u00e1lt\u00e1k. A kutat\u00e1s er\u0151s k\u00edn\u00e1lati n\u00f6veked\u00e9st mutatott a b\u00fatorozott b\u00e9rlak\u00e1sok szegmens\u00e9ben. Ez term\u00e9szetesen nem jelenti automatikusan, hogy minden Airbnb ingatlan itt landolt (megj: becsl\u00e9sek szerint B\u00e9csben 2018-ig a szigor\u00fabb szab\u00e1lyoz\u00e1s el\u0151tt mintegy 2000 Airbnb lak\u00e1s m\u0171k\u00f6d\u00f6tt tart\u00f3san), hiszen az is elk\u00e9pzelhet\u0151, hogy m\u00e1r kor\u00e1bbi fel\u00faj\u00edt\u00e1si projektek c\u00e9lpontjai ker\u00fcltek ki a piacra. Ugyanakkor a m\u00e9rt\u00e9k nagys\u00e1ga val\u00f3sz\u00edn\u0171s\u00edti, hogy nem kiz\u00e1r\u00f3lag ez ut\u00f3bbir\u00f3l van sz\u00f3, pl\u00e1ne nem egy vil\u00e1gj\u00e1rv\u00e1ny idej\u00e9n. Az \u00f6sszk\u00e9p kedv\u00e9\u00e9rt a kutat\u00e1s az als\u00f3 kateg\u00f3ri\u00e1j\u00fa b\u00fatorozott ingatlanokat is elemezte, ezek nyaral\u00f3k\u00e9nt lettek meghirdetve szint\u00e9n er\u0151s b\u0151v\u00fcl\u00e9st mutatva.<\/p>\n\n\n\n<figure class=\"wp-block-image size-large\"><img fetchpriority=\"high\" decoding=\"async\" width=\"1024\" height=\"580\" src=\"https:\/\/becsingatlan.com\/pages\/wp-content\/uploads\/2020\/12\/airbnb-3399753_1920-1024x580.jpg\" alt=\"\" class=\"wp-image-419\" srcset=\"https:\/\/becsingatlan.com\/pages\/wp-content\/uploads\/2020\/12\/airbnb-3399753_1920-1024x580.jpg 1024w, https:\/\/becsingatlan.com\/pages\/wp-content\/uploads\/2020\/12\/airbnb-3399753_1920-300x170.jpg 300w, https:\/\/becsingatlan.com\/pages\/wp-content\/uploads\/2020\/12\/airbnb-3399753_1920-768x435.jpg 768w, https:\/\/becsingatlan.com\/pages\/wp-content\/uploads\/2020\/12\/airbnb-3399753_1920-1536x870.jpg 1536w, https:\/\/becsingatlan.com\/pages\/wp-content\/uploads\/2020\/12\/airbnb-3399753_1920.jpg 1920w\" sizes=\"(max-width: 1024px) 100vw, 1024px\" \/><\/figure>\n\n\n\n<p>Tal\u00e1n a meglep\u0151 h\u00edr azonban, hogy ezek a folyamatok, illetve a megn\u00f6vekedett k\u00edn\u00e1lati oldal az alb\u00e9rleti d\u00edjakra alapvet\u0151en nem volt hat\u00e1ssal. A berendezett lak\u00e1sok \u00e1rai B\u00e9csben stabilak, Grazban \u00e9s Salzburgban emelked\u00e9st jeleztek, n\u00e9mi cs\u00f6kken\u00e9s csak Innsbruckban volt megfigyelhet\u0151. A kutat\u00e1s szerint az elmaradt negat\u00edv \u00e1rhat\u00e1s egyik oka, hogy ezekben a folyamatokban lehet f\u00e1zisk\u00e9s\u00e9s, a m\u00e1sik, hogy a v\u00e1ltozatlan massz\u00edv kereslet tov\u00e1bb hajtotta az \u00e1rakat. Persze minden att\u00f3l is f\u00fcgg, milyen hosszan tart m\u00e9g a j\u00e1rv\u00e1ny, illetve, amennyiben visszat\u00e9rnek a turist\u00e1k, az Airbnb lak\u00e1sok is elt\u0171nnek-e majd a tart\u00f3s b\u00e9rleti piacr\u00f3l, tov\u00e1bb er\u0151s\u00edtve a hosszabb t\u00e1v\u00fa \u00e1rtrendet. Ami biztos, hogy a felm\u00e9r\u00e9sek ezeket a folyamatokat a k\u00f6vetkez\u0151 id\u0151szakban is nyomon k\u00f6vetik majd, \u00e9s ezekr\u0151l a B\u00e9csi Ingatlanok is besz\u00e1mol.<br><br>Forr\u00e1s: DerStandard<br><a href=\"https:\/\/www.derstandard.at\/story\/2000121941251\/airbnb-wohnungen-werden-regulaer-vermietet-die-mieten-daempft-das-nicht\" target=\"_blank\" rel=\"noreferrer noopener\">https:\/\/www.derstandard.at\/story\/2000121941251\/airbnb-wohnungen-werden-regulaer-vermietet-die-mieten-daempft-das-nicht<\/a><br><a href=\"https:\/\/www.derstandard.at\/story\/2000113441037\/nach-90-tagen-soll-schluss-mit-airbnb-vermietung-sein\" target=\"_blank\" rel=\"noreferrer noopener\">https:\/\/www.derstandard.at\/story\/2000113441037\/nach-90-tagen-soll-schluss-mit-airbnb-vermietung-sein<\/a><\/p>\n","protected":false},"excerpt":{"rendered":"<p>Az el\u0151z\u0151 \u00e9vekben a tulajdonosok a hossz\u00fa t\u00e1v\u00fa b\u00e9rleti keretek helyett sokszor rendezt\u00e9k be az ingatlanjaikat turist\u00e1knak r\u00f6videbb peri\u00f3dusokra, ak\u00e1r h\u00e9tv\u00e9gi kiad\u00e1si c\u00e9llal. A sz\u00e1m\u00edt\u00e1sok szerint ez akkor j\u00f6vedelmez\u0151bbnek is bizonyult. A probl\u00e9ma viszont az, hogy egyes nagyv\u00e1rosokban, mint p\u00e9ld\u00e1ul Barcelona, tov\u00e1bb sr\u00f3folta az addig is magas b\u00e9rleti d\u00edjakat, ez pedig ki is v\u00e1ltotta a [&hellip;]<\/p>\n","protected":false},"author":2,"featured_media":0,"comment_status":"closed","ping_status":"closed","sticky":false,"template":"","format":"standard","meta":{"inline_featured_image":false,"footnotes":""},"categories":[5],"tags":[],"class_list":["post-417","post","type-post","status-publish","format-standard","hentry","category-ingatlanpiaci_hirek"],"yoast_head":"<!-- This site is optimized with the Yoast SEO plugin v25.7 - https:\/\/yoast.com\/wordpress\/plugins\/seo\/ -->\n<title>Kiad\u00f3k a kor\u00e1bbi Airbnb lak\u00e1sok B\u00e9csben, m\u00e9gsem cs\u00f6kkennek az \u00e1rak - B\u00e9csi Ingatlanok<\/title>\n<meta name=\"robots\" content=\"index, follow, max-snippet:-1, max-image-preview:large, max-video-preview:-1\" \/>\n<link rel=\"canonical\" href=\"https:\/\/becsingatlan.com\/pages\/kiadok-a-korabbi-airbnb-lakasok-becsben-megsem-csokkennek-az-arak\/\" \/>\n<meta property=\"og:locale\" content=\"en_US\" \/>\n<meta property=\"og:type\" content=\"article\" \/>\n<meta property=\"og:title\" content=\"Kiad\u00f3k a kor\u00e1bbi Airbnb lak\u00e1sok B\u00e9csben, m\u00e9gsem cs\u00f6kkennek az \u00e1rak - B\u00e9csi Ingatlanok\" \/>\n<meta property=\"og:description\" content=\"Az el\u0151z\u0151 \u00e9vekben a tulajdonosok a hossz\u00fa t\u00e1v\u00fa b\u00e9rleti keretek helyett sokszor rendezt\u00e9k be az ingatlanjaikat turist\u00e1knak r\u00f6videbb peri\u00f3dusokra, ak\u00e1r h\u00e9tv\u00e9gi kiad\u00e1si c\u00e9llal. A sz\u00e1m\u00edt\u00e1sok szerint ez akkor j\u00f6vedelmez\u0151bbnek is bizonyult. A probl\u00e9ma viszont az, hogy egyes nagyv\u00e1rosokban, mint p\u00e9ld\u00e1ul Barcelona, tov\u00e1bb sr\u00f3folta az addig is magas b\u00e9rleti d\u00edjakat, ez pedig ki is v\u00e1ltotta a [&hellip;]\" \/>\n<meta property=\"og:url\" content=\"https:\/\/becsingatlan.com\/pages\/kiadok-a-korabbi-airbnb-lakasok-becsben-megsem-csokkennek-az-arak\/\" \/>\n<meta property=\"og:site_name\" content=\"B\u00e9csi Ingatlanok\" \/>\n<meta property=\"article:publisher\" content=\"https:\/\/www.facebook.com\/becsingatlanok\/\" \/>\n<meta property=\"article:published_time\" content=\"2020-12-04T10:17:52+00:00\" \/>\n<meta property=\"article:modified_time\" content=\"2020-12-17T09:11:04+00:00\" \/>\n<meta property=\"og:image\" content=\"https:\/\/becsingatlan.com\/pages\/wp-content\/uploads\/2020\/12\/airbnb-3399753_1920-1024x580.jpg\" \/>\n<meta name=\"author\" content=\"Zoltan Nagy\" \/>\n<meta name=\"twitter:card\" content=\"summary_large_image\" \/>\n<meta name=\"twitter:label1\" content=\"Written by\" \/>\n\t<meta name=\"twitter:data1\" content=\"Zoltan Nagy\" \/>\n\t<meta name=\"twitter:label2\" content=\"Est. reading time\" \/>\n\t<meta name=\"twitter:data2\" content=\"3 minutes\" \/>\n<script type=\"application\/ld+json\" class=\"yoast-schema-graph\">{\"@context\":\"https:\/\/schema.org\",\"@graph\":[{\"@type\":\"WebPage\",\"@id\":\"https:\/\/becsingatlan.com\/pages\/kiadok-a-korabbi-airbnb-lakasok-becsben-megsem-csokkennek-az-arak\/\",\"url\":\"https:\/\/becsingatlan.com\/pages\/kiadok-a-korabbi-airbnb-lakasok-becsben-megsem-csokkennek-az-arak\/\",\"name\":\"Kiad\u00f3k a kor\u00e1bbi Airbnb lak\u00e1sok B\u00e9csben, m\u00e9gsem cs\u00f6kkennek az \u00e1rak - B\u00e9csi Ingatlanok\",\"isPartOf\":{\"@id\":\"https:\/\/becsingatlan.com\/pages\/#website\"},\"primaryImageOfPage\":{\"@id\":\"https:\/\/becsingatlan.com\/pages\/kiadok-a-korabbi-airbnb-lakasok-becsben-megsem-csokkennek-az-arak\/#primaryimage\"},\"image\":{\"@id\":\"https:\/\/becsingatlan.com\/pages\/kiadok-a-korabbi-airbnb-lakasok-becsben-megsem-csokkennek-az-arak\/#primaryimage\"},\"thumbnailUrl\":\"https:\/\/becsingatlan.com\/pages\/wp-content\/uploads\/2020\/12\/airbnb-3399753_1920-1024x580.jpg\",\"datePublished\":\"2020-12-04T10:17:52+00:00\",\"dateModified\":\"2020-12-17T09:11:04+00:00\",\"author\":{\"@id\":\"https:\/\/becsingatlan.com\/pages\/#\/schema\/person\/1731478b0ce667ef0f89dd249bad44d2\"},\"breadcrumb\":{\"@id\":\"https:\/\/becsingatlan.com\/pages\/kiadok-a-korabbi-airbnb-lakasok-becsben-megsem-csokkennek-az-arak\/#breadcrumb\"},\"inLanguage\":\"en-US\",\"potentialAction\":[{\"@type\":\"ReadAction\",\"target\":[\"https:\/\/becsingatlan.com\/pages\/kiadok-a-korabbi-airbnb-lakasok-becsben-megsem-csokkennek-az-arak\/\"]}]},{\"@type\":\"ImageObject\",\"inLanguage\":\"en-US\",\"@id\":\"https:\/\/becsingatlan.com\/pages\/kiadok-a-korabbi-airbnb-lakasok-becsben-megsem-csokkennek-az-arak\/#primaryimage\",\"url\":\"https:\/\/becsingatlan.com\/pages\/wp-content\/uploads\/2020\/12\/airbnb-3399753_1920.jpg\",\"contentUrl\":\"https:\/\/becsingatlan.com\/pages\/wp-content\/uploads\/2020\/12\/airbnb-3399753_1920.jpg\",\"width\":1920,\"height\":1087},{\"@type\":\"BreadcrumbList\",\"@id\":\"https:\/\/becsingatlan.com\/pages\/kiadok-a-korabbi-airbnb-lakasok-becsben-megsem-csokkennek-az-arak\/#breadcrumb\",\"itemListElement\":[{\"@type\":\"ListItem\",\"position\":1,\"name\":\"Home\",\"item\":\"https:\/\/becsingatlan.com\/pages\/\"},{\"@type\":\"ListItem\",\"position\":2,\"name\":\"Kiad\u00f3k a kor\u00e1bbi Airbnb lak\u00e1sok B\u00e9csben, m\u00e9gsem cs\u00f6kkennek az \u00e1rak\"}]},{\"@type\":\"WebSite\",\"@id\":\"https:\/\/becsingatlan.com\/pages\/#website\",\"url\":\"https:\/\/becsingatlan.com\/pages\/\",\"name\":\"B\u00e9csi Ingatlanok\",\"description\":\"\",\"potentialAction\":[{\"@type\":\"SearchAction\",\"target\":{\"@type\":\"EntryPoint\",\"urlTemplate\":\"https:\/\/becsingatlan.com\/pages\/?s={search_term_string}\"},\"query-input\":{\"@type\":\"PropertyValueSpecification\",\"valueRequired\":true,\"valueName\":\"search_term_string\"}}],\"inLanguage\":\"en-US\"},{\"@type\":\"Person\",\"@id\":\"https:\/\/becsingatlan.com\/pages\/#\/schema\/person\/1731478b0ce667ef0f89dd249bad44d2\",\"name\":\"Zoltan Nagy\",\"image\":{\"@type\":\"ImageObject\",\"inLanguage\":\"en-US\",\"@id\":\"https:\/\/becsingatlan.com\/pages\/#\/schema\/person\/image\/\",\"url\":\"https:\/\/secure.gravatar.com\/avatar\/1600d03194e3298bd5da77a5123420a195925fb0e25be9a8ea962e15f6d0a4f2?s=96&d=mm&r=g\",\"contentUrl\":\"https:\/\/secure.gravatar.com\/avatar\/1600d03194e3298bd5da77a5123420a195925fb0e25be9a8ea962e15f6d0a4f2?s=96&d=mm&r=g\",\"caption\":\"Zoltan Nagy\"},\"sameAs\":[\"http:\/\/becsingatlan.com\"],\"url\":\"https:\/\/becsingatlan.com\/pages\/author\/zoltan-nagy\/\"}]}<\/script>\n<!-- \/ Yoast SEO plugin. -->","yoast_head_json":{"title":"Kiad\u00f3k a kor\u00e1bbi Airbnb lak\u00e1sok B\u00e9csben, m\u00e9gsem cs\u00f6kkennek az \u00e1rak - B\u00e9csi Ingatlanok","robots":{"index":"index","follow":"follow","max-snippet":"max-snippet:-1","max-image-preview":"max-image-preview:large","max-video-preview":"max-video-preview:-1"},"canonical":"https:\/\/becsingatlan.com\/pages\/kiadok-a-korabbi-airbnb-lakasok-becsben-megsem-csokkennek-az-arak\/","og_locale":"en_US","og_type":"article","og_title":"Kiad\u00f3k a kor\u00e1bbi Airbnb lak\u00e1sok B\u00e9csben, m\u00e9gsem cs\u00f6kkennek az \u00e1rak - B\u00e9csi Ingatlanok","og_description":"Az el\u0151z\u0151 \u00e9vekben a tulajdonosok a hossz\u00fa t\u00e1v\u00fa b\u00e9rleti keretek helyett sokszor rendezt\u00e9k be az ingatlanjaikat turist\u00e1knak r\u00f6videbb peri\u00f3dusokra, ak\u00e1r h\u00e9tv\u00e9gi kiad\u00e1si c\u00e9llal. A sz\u00e1m\u00edt\u00e1sok szerint ez akkor j\u00f6vedelmez\u0151bbnek is bizonyult. A probl\u00e9ma viszont az, hogy egyes nagyv\u00e1rosokban, mint p\u00e9ld\u00e1ul Barcelona, tov\u00e1bb sr\u00f3folta az addig is magas b\u00e9rleti d\u00edjakat, ez pedig ki is v\u00e1ltotta a [&hellip;]","og_url":"https:\/\/becsingatlan.com\/pages\/kiadok-a-korabbi-airbnb-lakasok-becsben-megsem-csokkennek-az-arak\/","og_site_name":"B\u00e9csi Ingatlanok","article_publisher":"https:\/\/www.facebook.com\/becsingatlanok\/","article_published_time":"2020-12-04T10:17:52+00:00","article_modified_time":"2020-12-17T09:11:04+00:00","og_image":[{"url":"https:\/\/becsingatlan.com\/pages\/wp-content\/uploads\/2020\/12\/airbnb-3399753_1920-1024x580.jpg","type":"","width":"","height":""}],"author":"Zoltan Nagy","twitter_card":"summary_large_image","twitter_misc":{"Written by":"Zoltan Nagy","Est. reading time":"3 minutes"},"schema":{"@context":"https:\/\/schema.org","@graph":[{"@type":"WebPage","@id":"https:\/\/becsingatlan.com\/pages\/kiadok-a-korabbi-airbnb-lakasok-becsben-megsem-csokkennek-az-arak\/","url":"https:\/\/becsingatlan.com\/pages\/kiadok-a-korabbi-airbnb-lakasok-becsben-megsem-csokkennek-az-arak\/","name":"Kiad\u00f3k a kor\u00e1bbi Airbnb lak\u00e1sok B\u00e9csben, m\u00e9gsem cs\u00f6kkennek az \u00e1rak - B\u00e9csi Ingatlanok","isPartOf":{"@id":"https:\/\/becsingatlan.com\/pages\/#website"},"primaryImageOfPage":{"@id":"https:\/\/becsingatlan.com\/pages\/kiadok-a-korabbi-airbnb-lakasok-becsben-megsem-csokkennek-az-arak\/#primaryimage"},"image":{"@id":"https:\/\/becsingatlan.com\/pages\/kiadok-a-korabbi-airbnb-lakasok-becsben-megsem-csokkennek-az-arak\/#primaryimage"},"thumbnailUrl":"https:\/\/becsingatlan.com\/pages\/wp-content\/uploads\/2020\/12\/airbnb-3399753_1920-1024x580.jpg","datePublished":"2020-12-04T10:17:52+00:00","dateModified":"2020-12-17T09:11:04+00:00","author":{"@id":"https:\/\/becsingatlan.com\/pages\/#\/schema\/person\/1731478b0ce667ef0f89dd249bad44d2"},"breadcrumb":{"@id":"https:\/\/becsingatlan.com\/pages\/kiadok-a-korabbi-airbnb-lakasok-becsben-megsem-csokkennek-az-arak\/#breadcrumb"},"inLanguage":"en-US","potentialAction":[{"@type":"ReadAction","target":["https:\/\/becsingatlan.com\/pages\/kiadok-a-korabbi-airbnb-lakasok-becsben-megsem-csokkennek-az-arak\/"]}]},{"@type":"ImageObject","inLanguage":"en-US","@id":"https:\/\/becsingatlan.com\/pages\/kiadok-a-korabbi-airbnb-lakasok-becsben-megsem-csokkennek-az-arak\/#primaryimage","url":"https:\/\/becsingatlan.com\/pages\/wp-content\/uploads\/2020\/12\/airbnb-3399753_1920.jpg","contentUrl":"https:\/\/becsingatlan.com\/pages\/wp-content\/uploads\/2020\/12\/airbnb-3399753_1920.jpg","width":1920,"height":1087},{"@type":"BreadcrumbList","@id":"https:\/\/becsingatlan.com\/pages\/kiadok-a-korabbi-airbnb-lakasok-becsben-megsem-csokkennek-az-arak\/#breadcrumb","itemListElement":[{"@type":"ListItem","position":1,"name":"Home","item":"https:\/\/becsingatlan.com\/pages\/"},{"@type":"ListItem","position":2,"name":"Kiad\u00f3k a kor\u00e1bbi Airbnb lak\u00e1sok B\u00e9csben, m\u00e9gsem cs\u00f6kkennek az \u00e1rak"}]},{"@type":"WebSite","@id":"https:\/\/becsingatlan.com\/pages\/#website","url":"https:\/\/becsingatlan.com\/pages\/","name":"B\u00e9csi Ingatlanok","description":"","potentialAction":[{"@type":"SearchAction","target":{"@type":"EntryPoint","urlTemplate":"https:\/\/becsingatlan.com\/pages\/?s={search_term_string}"},"query-input":{"@type":"PropertyValueSpecification","valueRequired":true,"valueName":"search_term_string"}}],"inLanguage":"en-US"},{"@type":"Person","@id":"https:\/\/becsingatlan.com\/pages\/#\/schema\/person\/1731478b0ce667ef0f89dd249bad44d2","name":"Zoltan Nagy","image":{"@type":"ImageObject","inLanguage":"en-US","@id":"https:\/\/becsingatlan.com\/pages\/#\/schema\/person\/image\/","url":"https:\/\/secure.gravatar.com\/avatar\/1600d03194e3298bd5da77a5123420a195925fb0e25be9a8ea962e15f6d0a4f2?s=96&d=mm&r=g","contentUrl":"https:\/\/secure.gravatar.com\/avatar\/1600d03194e3298bd5da77a5123420a195925fb0e25be9a8ea962e15f6d0a4f2?s=96&d=mm&r=g","caption":"Zoltan Nagy"},"sameAs":["http:\/\/becsingatlan.com"],"url":"https:\/\/becsingatlan.com\/pages\/author\/zoltan-nagy\/"}]}},"_links":{"self":[{"href":"https:\/\/becsingatlan.com\/pages\/wp-json\/wp\/v2\/posts\/417","targetHints":{"allow":["GET"]}}],"collection":[{"href":"https:\/\/becsingatlan.com\/pages\/wp-json\/wp\/v2\/posts"}],"about":[{"href":"https:\/\/becsingatlan.com\/pages\/wp-json\/wp\/v2\/types\/post"}],"author":[{"embeddable":true,"href":"https:\/\/becsingatlan.com\/pages\/wp-json\/wp\/v2\/users\/2"}],"replies":[{"embeddable":true,"href":"https:\/\/becsingatlan.com\/pages\/wp-json\/wp\/v2\/comments?post=417"}],"version-history":[{"count":2,"href":"https:\/\/becsingatlan.com\/pages\/wp-json\/wp\/v2\/posts\/417\/revisions"}],"predecessor-version":[{"id":420,"href":"https:\/\/becsingatlan.com\/pages\/wp-json\/wp\/v2\/posts\/417\/revisions\/420"}],"wp:attachment":[{"href":"https:\/\/becsingatlan.com\/pages\/wp-json\/wp\/v2\/media?parent=417"}],"wp:term":[{"taxonomy":"category","embeddable":true,"href":"https:\/\/becsingatlan.com\/pages\/wp-json\/wp\/v2\/categories?post=417"},{"taxonomy":"post_tag","embeddable":true,"href":"https:\/\/becsingatlan.com\/pages\/wp-json\/wp\/v2\/tags?post=417"}],"curies":[{"name":"wp","href":"https:\/\/api.w.org\/{rel}","templated":true}]}}