{"id":438,"date":"2021-01-08T11:40:37","date_gmt":"2021-01-08T10:40:37","guid":{"rendered":"https:\/\/becsingatlan.com\/pages\/?p=438"},"modified":"2021-01-08T11:41:05","modified_gmt":"2021-01-08T10:41:05","slug":"becs-gazdasaga-iden-mar-fellendulesre-van-itelve-csak-a-mertek-a-kerdes","status":"publish","type":"post","link":"https:\/\/becsingatlan.com\/pages\/becs-gazdasaga-iden-mar-fellendulesre-van-itelve-csak-a-mertek-a-kerdes\/","title":{"rendered":"B\u00e9cs gazdas\u00e1ga id\u00e9n m\u00e1r fellend\u00fcl\u00e9sre van \u00edt\u00e9lve: csak a m\u00e9rt\u00e9k a k\u00e9rd\u00e9s"},"content":{"rendered":"\n<p>Ritk\u00e1n v\u00e1rta m\u00e1r az ember az \u00daj\u00e9vet annyira, mint ahogy 2021-et. M\u00e9g annak ellen\u00e9re is, hogy a b\u00e9csi v\u00e1llalkoz\u00e1sok fogukat \u00f6sszeszor\u00edtva, elsz\u00e1ntan, b\u00e1tran, egy nagy adag kreativit\u00e1ssal megsp\u00e9kelve dacoltak a koronav\u00edrus okozta kih\u00edv\u00e1sokkal. Ahogy Walter Ruck, a Gazdas\u00e1gi Kamara eln\u00f6ke fogalmazott: \u201eA v\u00e1llalkoz\u00f3ink mindent megtettek, hogy a kiugr\u00f3 neh\u00e9zs\u00e9geket lek\u00fczdj\u00e9k. \u00c9s el\u0151bb-ut\u00f3bb ism\u00e9t minden el\u0151re fog tartani, egy\u00fctt pedig biztosan megoldjuk.\u201d<\/p>\n\n\n\n<p>Az el\u0151z\u0151 \u00e9vben val\u00f3sz\u00edn\u0171leg 7%-os visszaes\u00e9st k\u00f6nyvelhetett el az osztr\u00e1k gazdas\u00e1g, \u00e9s csak a Kurzarbeit-nak, valamint az egy\u00e9b \u00e1llami ment\u0151\u00f6veknek k\u00f6sz\u00f6nhet\u0151, hogy nem t\u00f6rt\u00e9nt enn\u00e9l nagyobb gazdas\u00e1gi katasztr\u00f3fa. Ugyanakkor a mag\u00e1nberuh\u00e1z\u00e1sok \u00edgy is csup\u00e1n f\u00e1zisk\u00e9ss\u00e9ssel t\u00e9rhetnek majd vissza, ami a munkan\u00e9lk\u00fclis\u00e9get nem azonnal, hanem csak fokozatosan jav\u00edtja majd. A fogyaszt\u00e1s hasonl\u00f3 p\u00e1ly\u00e1t j\u00e1rhat be \u00e9s a 2022-es \u00e9v folyam\u00e1n \u00e9rheti el valamikor ism\u00e9t a v\u00e1ls\u00e1g el\u0151tti, 2019-es szintet. A helyzet normaliz\u00e1l\u00f3d\u00e1s\u00e1hoz term\u00e9szetesen az is elengedhetetlen, hogy a v\u00e1llalkoz\u00e1sokat eddig t\u00e1mogat\u00f3 int\u00e9zked\u00e9sek fennmaradjanak. Ezekhez tartoznak t\u00f6bbek k\u00f6z\u00f6tt a megengedett extra \u00e9rt\u00e9kcs\u00f6kken\u00e9si le\u00edr\u00e1sok, a kedvezm\u00e9nyes bev\u00e9telar\u00e1nyos forgalmi ad\u00f3k (5% a vend\u00e9gl\u00e1t\u00e1s, sz\u00e1llodaipari, kultur\u00e1lis szektorban), a t\u00e1rsadalombiztos\u00edt\u00e1si kedvezm\u00e9nyek, gyermekek ut\u00e1n j\u00e1r\u00f3 t\u00e1mogat\u00e1sok.<\/p>\n\n\n\n<p>Az \u00f3vatos optimizmushoz a gazdas\u00e1gkutat\u00f3 c\u00e9gek is csatlakoztak. Erre az \u00e9vre a WIFO (Osztr\u00e1k Gazdas\u00e1gkutat\u00f3 Int\u00e9zet) \u00e9s az IHS (Fels\u0151fok\u00fa Tanulm\u00e1nyok Int\u00e9zm\u00e9nye) 2.5, valamint 3.1%-os n\u00f6veked\u00e9sre sz\u00e1m\u00edt, igaz ebben nincs benne egy, a v\u00edrushelyzet miatt hosszan elh\u00faz\u00f3d\u00f3 harmadik lez\u00e1r\u00e1s hat\u00e1sa. Ugyanakkor az elindult olt\u00e1s ebb\u0151l a szempontb\u00f3l rendk\u00edv\u00fcl biztat\u00f3. A WIFO vez\u00e9rigazgat\u00f3ja, Christoph Badelt szerint a leglassabban a sz\u00e1llodaipar fog fel\u00e9p\u00fclni, \u00edgy a v\u00e1rosi turist\u00e1k azonnali visszat\u00e9r\u00e9s\u00e9re is \u00f3vatosan lehet sz\u00e1m\u00edtani. B\u00e9csnek ez k\u00fcl\u00f6n\u00f6sen f\u00e1j\u00f3, viszont a t\u00f6bbi szektor itt kevesebb k\u00e1rt szenvedett el \u00e1tlagosan, mint az orsz\u00e1g m\u00e1s ter\u00fcletein. A kis- \u00e9s k\u00f6z\u00e9pv\u00e1llalkoz\u00e1sok felkarol\u00e1sa azonban most mindenhol a legfontosabb kell, hogy legyen. Hosszabb t\u00e1von a fiatalok sokoldal\u00fa k\u00e9pz\u00e9se jelenthet tov\u00e1bbi ugr\u00f3deszk\u00e1t, amire a b\u00e9csi v\u00e1rosvezet\u00e9s m\u00e1r most sok energi\u00e1t \u00f6sszpontos\u00edt.<\/p>\n\n\n\n<div class=\"wp-block-image\"><figure class=\"aligncenter size-large\"><img fetchpriority=\"high\" decoding=\"async\" width=\"533\" height=\"320\" src=\"https:\/\/becsingatlan.com\/pages\/wp-content\/uploads\/2021\/01\/Bild1.png\" alt=\"\" class=\"wp-image-439\" srcset=\"https:\/\/becsingatlan.com\/pages\/wp-content\/uploads\/2021\/01\/Bild1.png 533w, https:\/\/becsingatlan.com\/pages\/wp-content\/uploads\/2021\/01\/Bild1-300x180.png 300w\" sizes=\"(max-width: 533px) 100vw, 533px\" \/><figcaption>A k\u00e9t kutat\u00f3int\u00e9zet el\u0151rejelz\u00e9sei az osztr\u00e1k gazdas\u00e1gi n\u00f6veked\u00e9sre<\/figcaption><\/figure><\/div>\n\n\n\n<p>Forr\u00e1s: Wiener Wirtschaft, WKO<\/p>\n","protected":false},"excerpt":{"rendered":"<p>Ritk\u00e1n v\u00e1rta m\u00e1r az ember az \u00daj\u00e9vet annyira, mint ahogy 2021-et. M\u00e9g annak ellen\u00e9re is, hogy a b\u00e9csi v\u00e1llalkoz\u00e1sok fogukat \u00f6sszeszor\u00edtva, elsz\u00e1ntan, b\u00e1tran, egy nagy adag kreativit\u00e1ssal megsp\u00e9kelve dacoltak a koronav\u00edrus okozta kih\u00edv\u00e1sokkal. Ahogy Walter Ruck, a Gazdas\u00e1gi Kamara eln\u00f6ke fogalmazott: \u201eA v\u00e1llalkoz\u00f3ink mindent megtettek, hogy a kiugr\u00f3 neh\u00e9zs\u00e9geket lek\u00fczdj\u00e9k. \u00c9s el\u0151bb-ut\u00f3bb ism\u00e9t minden el\u0151re [&hellip;]<\/p>\n","protected":false},"author":2,"featured_media":0,"comment_status":"closed","ping_status":"closed","sticky":false,"template":"","format":"standard","meta":{"inline_featured_image":false,"footnotes":""},"categories":[5],"tags":[],"class_list":["post-438","post","type-post","status-publish","format-standard","hentry","category-ingatlanpiaci_hirek"],"yoast_head":"<!-- This site is optimized with the Yoast SEO plugin v25.7 - https:\/\/yoast.com\/wordpress\/plugins\/seo\/ -->\n<title>B\u00e9cs gazdas\u00e1ga id\u00e9n m\u00e1r fellend\u00fcl\u00e9sre van \u00edt\u00e9lve: csak a m\u00e9rt\u00e9k a k\u00e9rd\u00e9s - B\u00e9csi Ingatlanok<\/title>\n<meta name=\"robots\" content=\"index, follow, max-snippet:-1, max-image-preview:large, max-video-preview:-1\" \/>\n<link rel=\"canonical\" href=\"https:\/\/becsingatlan.com\/pages\/becs-gazdasaga-iden-mar-fellendulesre-van-itelve-csak-a-mertek-a-kerdes\/\" \/>\n<meta property=\"og:locale\" content=\"en_US\" \/>\n<meta property=\"og:type\" content=\"article\" \/>\n<meta property=\"og:title\" content=\"B\u00e9cs gazdas\u00e1ga id\u00e9n m\u00e1r fellend\u00fcl\u00e9sre van \u00edt\u00e9lve: csak a m\u00e9rt\u00e9k a k\u00e9rd\u00e9s - B\u00e9csi Ingatlanok\" \/>\n<meta property=\"og:description\" content=\"Ritk\u00e1n v\u00e1rta m\u00e1r az ember az \u00daj\u00e9vet annyira, mint ahogy 2021-et. M\u00e9g annak ellen\u00e9re is, hogy a b\u00e9csi v\u00e1llalkoz\u00e1sok fogukat \u00f6sszeszor\u00edtva, elsz\u00e1ntan, b\u00e1tran, egy nagy adag kreativit\u00e1ssal megsp\u00e9kelve dacoltak a koronav\u00edrus okozta kih\u00edv\u00e1sokkal. Ahogy Walter Ruck, a Gazdas\u00e1gi Kamara eln\u00f6ke fogalmazott: \u201eA v\u00e1llalkoz\u00f3ink mindent megtettek, hogy a kiugr\u00f3 neh\u00e9zs\u00e9geket lek\u00fczdj\u00e9k. \u00c9s el\u0151bb-ut\u00f3bb ism\u00e9t minden el\u0151re [&hellip;]\" \/>\n<meta property=\"og:url\" content=\"https:\/\/becsingatlan.com\/pages\/becs-gazdasaga-iden-mar-fellendulesre-van-itelve-csak-a-mertek-a-kerdes\/\" \/>\n<meta property=\"og:site_name\" content=\"B\u00e9csi Ingatlanok\" \/>\n<meta property=\"article:publisher\" content=\"https:\/\/www.facebook.com\/becsingatlanok\/\" \/>\n<meta property=\"article:published_time\" content=\"2021-01-08T10:40:37+00:00\" \/>\n<meta property=\"article:modified_time\" content=\"2021-01-08T10:41:05+00:00\" \/>\n<meta property=\"og:image\" content=\"https:\/\/becsingatlan.com\/pages\/wp-content\/uploads\/2021\/01\/Bild1.png\" \/>\n<meta name=\"author\" content=\"Zoltan Nagy\" \/>\n<meta name=\"twitter:card\" content=\"summary_large_image\" \/>\n<meta name=\"twitter:label1\" content=\"Written by\" \/>\n\t<meta name=\"twitter:data1\" content=\"Zoltan Nagy\" \/>\n\t<meta name=\"twitter:label2\" content=\"Est. reading time\" \/>\n\t<meta name=\"twitter:data2\" content=\"2 minutes\" \/>\n<script type=\"application\/ld+json\" class=\"yoast-schema-graph\">{\"@context\":\"https:\/\/schema.org\",\"@graph\":[{\"@type\":\"WebPage\",\"@id\":\"https:\/\/becsingatlan.com\/pages\/becs-gazdasaga-iden-mar-fellendulesre-van-itelve-csak-a-mertek-a-kerdes\/\",\"url\":\"https:\/\/becsingatlan.com\/pages\/becs-gazdasaga-iden-mar-fellendulesre-van-itelve-csak-a-mertek-a-kerdes\/\",\"name\":\"B\u00e9cs gazdas\u00e1ga id\u00e9n m\u00e1r fellend\u00fcl\u00e9sre van \u00edt\u00e9lve: csak a m\u00e9rt\u00e9k a k\u00e9rd\u00e9s - B\u00e9csi Ingatlanok\",\"isPartOf\":{\"@id\":\"https:\/\/becsingatlan.com\/pages\/#website\"},\"primaryImageOfPage\":{\"@id\":\"https:\/\/becsingatlan.com\/pages\/becs-gazdasaga-iden-mar-fellendulesre-van-itelve-csak-a-mertek-a-kerdes\/#primaryimage\"},\"image\":{\"@id\":\"https:\/\/becsingatlan.com\/pages\/becs-gazdasaga-iden-mar-fellendulesre-van-itelve-csak-a-mertek-a-kerdes\/#primaryimage\"},\"thumbnailUrl\":\"https:\/\/becsingatlan.com\/pages\/wp-content\/uploads\/2021\/01\/Bild1.png\",\"datePublished\":\"2021-01-08T10:40:37+00:00\",\"dateModified\":\"2021-01-08T10:41:05+00:00\",\"author\":{\"@id\":\"https:\/\/becsingatlan.com\/pages\/#\/schema\/person\/1731478b0ce667ef0f89dd249bad44d2\"},\"breadcrumb\":{\"@id\":\"https:\/\/becsingatlan.com\/pages\/becs-gazdasaga-iden-mar-fellendulesre-van-itelve-csak-a-mertek-a-kerdes\/#breadcrumb\"},\"inLanguage\":\"en-US\",\"potentialAction\":[{\"@type\":\"ReadAction\",\"target\":[\"https:\/\/becsingatlan.com\/pages\/becs-gazdasaga-iden-mar-fellendulesre-van-itelve-csak-a-mertek-a-kerdes\/\"]}]},{\"@type\":\"ImageObject\",\"inLanguage\":\"en-US\",\"@id\":\"https:\/\/becsingatlan.com\/pages\/becs-gazdasaga-iden-mar-fellendulesre-van-itelve-csak-a-mertek-a-kerdes\/#primaryimage\",\"url\":\"https:\/\/becsingatlan.com\/pages\/wp-content\/uploads\/2021\/01\/Bild1.png\",\"contentUrl\":\"https:\/\/becsingatlan.com\/pages\/wp-content\/uploads\/2021\/01\/Bild1.png\",\"width\":533,\"height\":320},{\"@type\":\"BreadcrumbList\",\"@id\":\"https:\/\/becsingatlan.com\/pages\/becs-gazdasaga-iden-mar-fellendulesre-van-itelve-csak-a-mertek-a-kerdes\/#breadcrumb\",\"itemListElement\":[{\"@type\":\"ListItem\",\"position\":1,\"name\":\"Home\",\"item\":\"https:\/\/becsingatlan.com\/pages\/\"},{\"@type\":\"ListItem\",\"position\":2,\"name\":\"B\u00e9cs gazdas\u00e1ga id\u00e9n m\u00e1r fellend\u00fcl\u00e9sre van \u00edt\u00e9lve: csak a m\u00e9rt\u00e9k a k\u00e9rd\u00e9s\"}]},{\"@type\":\"WebSite\",\"@id\":\"https:\/\/becsingatlan.com\/pages\/#website\",\"url\":\"https:\/\/becsingatlan.com\/pages\/\",\"name\":\"B\u00e9csi Ingatlanok\",\"description\":\"\",\"potentialAction\":[{\"@type\":\"SearchAction\",\"target\":{\"@type\":\"EntryPoint\",\"urlTemplate\":\"https:\/\/becsingatlan.com\/pages\/?s={search_term_string}\"},\"query-input\":{\"@type\":\"PropertyValueSpecification\",\"valueRequired\":true,\"valueName\":\"search_term_string\"}}],\"inLanguage\":\"en-US\"},{\"@type\":\"Person\",\"@id\":\"https:\/\/becsingatlan.com\/pages\/#\/schema\/person\/1731478b0ce667ef0f89dd249bad44d2\",\"name\":\"Zoltan Nagy\",\"image\":{\"@type\":\"ImageObject\",\"inLanguage\":\"en-US\",\"@id\":\"https:\/\/becsingatlan.com\/pages\/#\/schema\/person\/image\/\",\"url\":\"https:\/\/secure.gravatar.com\/avatar\/1600d03194e3298bd5da77a5123420a195925fb0e25be9a8ea962e15f6d0a4f2?s=96&d=mm&r=g\",\"contentUrl\":\"https:\/\/secure.gravatar.com\/avatar\/1600d03194e3298bd5da77a5123420a195925fb0e25be9a8ea962e15f6d0a4f2?s=96&d=mm&r=g\",\"caption\":\"Zoltan Nagy\"},\"sameAs\":[\"http:\/\/becsingatlan.com\"],\"url\":\"https:\/\/becsingatlan.com\/pages\/author\/zoltan-nagy\/\"}]}<\/script>\n<!-- \/ Yoast SEO plugin. -->","yoast_head_json":{"title":"B\u00e9cs gazdas\u00e1ga id\u00e9n m\u00e1r fellend\u00fcl\u00e9sre van \u00edt\u00e9lve: csak a m\u00e9rt\u00e9k a k\u00e9rd\u00e9s - B\u00e9csi Ingatlanok","robots":{"index":"index","follow":"follow","max-snippet":"max-snippet:-1","max-image-preview":"max-image-preview:large","max-video-preview":"max-video-preview:-1"},"canonical":"https:\/\/becsingatlan.com\/pages\/becs-gazdasaga-iden-mar-fellendulesre-van-itelve-csak-a-mertek-a-kerdes\/","og_locale":"en_US","og_type":"article","og_title":"B\u00e9cs gazdas\u00e1ga id\u00e9n m\u00e1r fellend\u00fcl\u00e9sre van \u00edt\u00e9lve: csak a m\u00e9rt\u00e9k a k\u00e9rd\u00e9s - B\u00e9csi Ingatlanok","og_description":"Ritk\u00e1n v\u00e1rta m\u00e1r az ember az \u00daj\u00e9vet annyira, mint ahogy 2021-et. M\u00e9g annak ellen\u00e9re is, hogy a b\u00e9csi v\u00e1llalkoz\u00e1sok fogukat \u00f6sszeszor\u00edtva, elsz\u00e1ntan, b\u00e1tran, egy nagy adag kreativit\u00e1ssal megsp\u00e9kelve dacoltak a koronav\u00edrus okozta kih\u00edv\u00e1sokkal. Ahogy Walter Ruck, a Gazdas\u00e1gi Kamara eln\u00f6ke fogalmazott: \u201eA v\u00e1llalkoz\u00f3ink mindent megtettek, hogy a kiugr\u00f3 neh\u00e9zs\u00e9geket lek\u00fczdj\u00e9k. \u00c9s el\u0151bb-ut\u00f3bb ism\u00e9t minden el\u0151re [&hellip;]","og_url":"https:\/\/becsingatlan.com\/pages\/becs-gazdasaga-iden-mar-fellendulesre-van-itelve-csak-a-mertek-a-kerdes\/","og_site_name":"B\u00e9csi Ingatlanok","article_publisher":"https:\/\/www.facebook.com\/becsingatlanok\/","article_published_time":"2021-01-08T10:40:37+00:00","article_modified_time":"2021-01-08T10:41:05+00:00","og_image":[{"url":"https:\/\/becsingatlan.com\/pages\/wp-content\/uploads\/2021\/01\/Bild1.png","type":"","width":"","height":""}],"author":"Zoltan Nagy","twitter_card":"summary_large_image","twitter_misc":{"Written by":"Zoltan Nagy","Est. reading time":"2 minutes"},"schema":{"@context":"https:\/\/schema.org","@graph":[{"@type":"WebPage","@id":"https:\/\/becsingatlan.com\/pages\/becs-gazdasaga-iden-mar-fellendulesre-van-itelve-csak-a-mertek-a-kerdes\/","url":"https:\/\/becsingatlan.com\/pages\/becs-gazdasaga-iden-mar-fellendulesre-van-itelve-csak-a-mertek-a-kerdes\/","name":"B\u00e9cs gazdas\u00e1ga id\u00e9n m\u00e1r fellend\u00fcl\u00e9sre van \u00edt\u00e9lve: csak a m\u00e9rt\u00e9k a k\u00e9rd\u00e9s - B\u00e9csi Ingatlanok","isPartOf":{"@id":"https:\/\/becsingatlan.com\/pages\/#website"},"primaryImageOfPage":{"@id":"https:\/\/becsingatlan.com\/pages\/becs-gazdasaga-iden-mar-fellendulesre-van-itelve-csak-a-mertek-a-kerdes\/#primaryimage"},"image":{"@id":"https:\/\/becsingatlan.com\/pages\/becs-gazdasaga-iden-mar-fellendulesre-van-itelve-csak-a-mertek-a-kerdes\/#primaryimage"},"thumbnailUrl":"https:\/\/becsingatlan.com\/pages\/wp-content\/uploads\/2021\/01\/Bild1.png","datePublished":"2021-01-08T10:40:37+00:00","dateModified":"2021-01-08T10:41:05+00:00","author":{"@id":"https:\/\/becsingatlan.com\/pages\/#\/schema\/person\/1731478b0ce667ef0f89dd249bad44d2"},"breadcrumb":{"@id":"https:\/\/becsingatlan.com\/pages\/becs-gazdasaga-iden-mar-fellendulesre-van-itelve-csak-a-mertek-a-kerdes\/#breadcrumb"},"inLanguage":"en-US","potentialAction":[{"@type":"ReadAction","target":["https:\/\/becsingatlan.com\/pages\/becs-gazdasaga-iden-mar-fellendulesre-van-itelve-csak-a-mertek-a-kerdes\/"]}]},{"@type":"ImageObject","inLanguage":"en-US","@id":"https:\/\/becsingatlan.com\/pages\/becs-gazdasaga-iden-mar-fellendulesre-van-itelve-csak-a-mertek-a-kerdes\/#primaryimage","url":"https:\/\/becsingatlan.com\/pages\/wp-content\/uploads\/2021\/01\/Bild1.png","contentUrl":"https:\/\/becsingatlan.com\/pages\/wp-content\/uploads\/2021\/01\/Bild1.png","width":533,"height":320},{"@type":"BreadcrumbList","@id":"https:\/\/becsingatlan.com\/pages\/becs-gazdasaga-iden-mar-fellendulesre-van-itelve-csak-a-mertek-a-kerdes\/#breadcrumb","itemListElement":[{"@type":"ListItem","position":1,"name":"Home","item":"https:\/\/becsingatlan.com\/pages\/"},{"@type":"ListItem","position":2,"name":"B\u00e9cs gazdas\u00e1ga id\u00e9n m\u00e1r fellend\u00fcl\u00e9sre van \u00edt\u00e9lve: csak a m\u00e9rt\u00e9k a k\u00e9rd\u00e9s"}]},{"@type":"WebSite","@id":"https:\/\/becsingatlan.com\/pages\/#website","url":"https:\/\/becsingatlan.com\/pages\/","name":"B\u00e9csi Ingatlanok","description":"","potentialAction":[{"@type":"SearchAction","target":{"@type":"EntryPoint","urlTemplate":"https:\/\/becsingatlan.com\/pages\/?s={search_term_string}"},"query-input":{"@type":"PropertyValueSpecification","valueRequired":true,"valueName":"search_term_string"}}],"inLanguage":"en-US"},{"@type":"Person","@id":"https:\/\/becsingatlan.com\/pages\/#\/schema\/person\/1731478b0ce667ef0f89dd249bad44d2","name":"Zoltan Nagy","image":{"@type":"ImageObject","inLanguage":"en-US","@id":"https:\/\/becsingatlan.com\/pages\/#\/schema\/person\/image\/","url":"https:\/\/secure.gravatar.com\/avatar\/1600d03194e3298bd5da77a5123420a195925fb0e25be9a8ea962e15f6d0a4f2?s=96&d=mm&r=g","contentUrl":"https:\/\/secure.gravatar.com\/avatar\/1600d03194e3298bd5da77a5123420a195925fb0e25be9a8ea962e15f6d0a4f2?s=96&d=mm&r=g","caption":"Zoltan Nagy"},"sameAs":["http:\/\/becsingatlan.com"],"url":"https:\/\/becsingatlan.com\/pages\/author\/zoltan-nagy\/"}]}},"_links":{"self":[{"href":"https:\/\/becsingatlan.com\/pages\/wp-json\/wp\/v2\/posts\/438","targetHints":{"allow":["GET"]}}],"collection":[{"href":"https:\/\/becsingatlan.com\/pages\/wp-json\/wp\/v2\/posts"}],"about":[{"href":"https:\/\/becsingatlan.com\/pages\/wp-json\/wp\/v2\/types\/post"}],"author":[{"embeddable":true,"href":"https:\/\/becsingatlan.com\/pages\/wp-json\/wp\/v2\/users\/2"}],"replies":[{"embeddable":true,"href":"https:\/\/becsingatlan.com\/pages\/wp-json\/wp\/v2\/comments?post=438"}],"version-history":[{"count":2,"href":"https:\/\/becsingatlan.com\/pages\/wp-json\/wp\/v2\/posts\/438\/revisions"}],"predecessor-version":[{"id":441,"href":"https:\/\/becsingatlan.com\/pages\/wp-json\/wp\/v2\/posts\/438\/revisions\/441"}],"wp:attachment":[{"href":"https:\/\/becsingatlan.com\/pages\/wp-json\/wp\/v2\/media?parent=438"}],"wp:term":[{"taxonomy":"category","embeddable":true,"href":"https:\/\/becsingatlan.com\/pages\/wp-json\/wp\/v2\/categories?post=438"},{"taxonomy":"post_tag","embeddable":true,"href":"https:\/\/becsingatlan.com\/pages\/wp-json\/wp\/v2\/tags?post=438"}],"curies":[{"name":"wp","href":"https:\/\/api.w.org\/{rel}","templated":true}]}}