{"id":529,"date":"2021-05-03T12:24:02","date_gmt":"2021-05-03T11:24:02","guid":{"rendered":"https:\/\/becsingatlan.com\/pages\/?p=529"},"modified":"2021-12-20T15:48:55","modified_gmt":"2021-12-20T14:48:55","slug":"tul-magas-berleti-dij-75-000-euro-jar-vissza-a-berlonek","status":"publish","type":"post","link":"https:\/\/becsingatlan.com\/pages\/tul-magas-berleti-dij-75-000-euro-jar-vissza-a-berlonek\/","title":{"rendered":"T\u00fal magas b\u00e9rleti d\u00edj: 75.000 eur\u00f3 j\u00e1r vissza a b\u00e9rl\u0151nek"},"content":{"rendered":"\n<p>Gyakran hangs\u00falyozzuk \u00fcgyfeleinknek, hogy az 1945 el\u0151tt \u00e9p\u00fclt ingatlanok nem kifejezetten alkalmasak befektet\u00e9si c\u00e9lra. Az alacsonyabb \u00e1rak \u00e9s a b\u00e9csi nagypolg\u00e1ri h\u00e1zak elragad\u00f3 sz\u00e9ps\u00e9ge miatt cs\u00e1b\u00edt\u00f3nak t\u0171nhet ugyan egy r\u00e9gi \u00e9p\u00edt\u00e9s\u0171 ingatlan megv\u00e1s\u00e1rl\u00e1sa, tudni kell viszont, hogy az ilyen ingatlanok b\u00e9rbead\u00e1sa nem t\u00fal kifizet\u0151d\u0151.<br><br>Ausztri\u00e1ban a legt\u00f6bb 1945 el\u0151tt \u00e9p\u00fclt \u201eAltbau\u201c ingatlan b\u00e9rbead\u00e1sa hat\u00f3s\u00e1gi b\u00e9rleti d\u00edjhoz k\u00f6t\u00f6tt. A hat\u00f3s\u00e1gi b\u00e9rleti d\u00edj B\u00e9csben jelenleg 5,81 eur\u00f3 n\u00e9gyzetm\u00e9terenk\u00e9nt, amely az 1945 ut\u00e1n \u00e9p\u00fclt \u201eNeubau\u201c ingatlanok\u00e9rt k\u00e9rhet\u0151 kb. 14-15 eur\u00f3s n\u00e9gyzetm\u00e9ter\u00e1rhoz k\u00e9pest meglehet\u0151sen alacsony.<\/p>\n\n\n\n<div class=\"wp-block-image\"><figure class=\"aligncenter size-large\"><img fetchpriority=\"high\" decoding=\"async\" width=\"1024\" height=\"681\" src=\"https:\/\/becsingatlan.com\/pages\/wp-content\/uploads\/2021\/05\/building-427930_1920-1024x681.jpg\" alt=\"\" class=\"wp-image-530\" srcset=\"https:\/\/becsingatlan.com\/pages\/wp-content\/uploads\/2021\/05\/building-427930_1920-1024x681.jpg 1024w, https:\/\/becsingatlan.com\/pages\/wp-content\/uploads\/2021\/05\/building-427930_1920-300x199.jpg 300w, https:\/\/becsingatlan.com\/pages\/wp-content\/uploads\/2021\/05\/building-427930_1920-768x510.jpg 768w, https:\/\/becsingatlan.com\/pages\/wp-content\/uploads\/2021\/05\/building-427930_1920-1536x1021.jpg 1536w, https:\/\/becsingatlan.com\/pages\/wp-content\/uploads\/2021\/05\/building-427930_1920.jpg 1920w\" sizes=\"(max-width: 1024px) 100vw, 1024px\" \/><figcaption>A d\u00edszes \u00e9s \u00edzl\u00e9sesen fel\u00faj\u00edtott b\u00e9csi nagypolg\u00e1ri h\u00e1zakba nem neh\u00e9z beleszeretni<br>Fot\u00f3: Mihal Jarmoluk<\/figcaption><\/figure><\/div>\n\n\n\n<p>Abban az esetben, ha a b\u00e9rl\u0151 r\u00e1j\u00f6n, hogy a b\u00e9rbead\u00f3ja a hat\u00f3s\u00e1gilag kiszabott b\u00e9rleti d\u00edjn\u00e1l magasabb \u00e1ron adja ki neki a lak\u00e1st, visszak\u00f6vetelheti a hat\u00f3s\u00e1gi \u00e9s a t\u00e9nylegesen fizetett b\u00e9rleti d\u00edj k\u00fcl\u00f6nbs\u00e9g\u00e9t. Hat\u00e1rozott idej\u0171 b\u00e9rleti szerz\u0151d\u00e9s eset\u00e9ben ak\u00e1r a b\u00e9rleti viszony kezdet\u00e9ig visszamen\u0151leg visszak\u00f6vetelhet\u0151 a b\u00e9rleti d\u00edj k\u00fcl\u00f6nbs\u00e9ge. A turpiss\u00e1gra r\u00e1j\u00f6nni pedig nem neh\u00e9z, hiszen egyre t\u00f6bb jogi c\u00e9g v\u00e1llalja a b\u00edr\u00f3s\u00e1gi elj\u00e1r\u00e1s lefolytat\u00e1s\u00e1t a b\u00e9rl\u0151 k\u00e9pvisel\u0151jek\u00e9nt. Az ilyen c\u00e9gek \u00e1ltal\u00e1ban 36% jutal\u00e9kot k\u00e9rnek a visszaj\u00e1r\u00f3 b\u00e9rleti d\u00edj k\u00fcl\u00f6ns\u00e9g \u00f6sszeg\u00e9b\u0151l \u00e9s komoly marketingkamp\u00e1nyt folytatnak v\u00e1rosszerte, valamint \u00fcgyn\u00f6keik szem\u00e9lyesen is j\u00e1rj\u00e1k a II. vil\u00e1gh\u00e1bor\u00fa el\u0151tt \u00e9p\u00fclt h\u00e1zakat, hogy \u00faj \u00fcgyfeleket szerezzenek.<\/p>\n\n\n\n<div class=\"wp-block-image\"><figure class=\"aligncenter size-large\"><img decoding=\"async\" width=\"683\" height=\"1024\" src=\"https:\/\/becsingatlan.com\/pages\/wp-content\/uploads\/2021\/05\/beazy-ABohRftG_Os-unsplash-683x1024.jpg\" alt=\"\" class=\"wp-image-531\" srcset=\"https:\/\/becsingatlan.com\/pages\/wp-content\/uploads\/2021\/05\/beazy-ABohRftG_Os-unsplash-683x1024.jpg 683w, https:\/\/becsingatlan.com\/pages\/wp-content\/uploads\/2021\/05\/beazy-ABohRftG_Os-unsplash-200x300.jpg 200w, https:\/\/becsingatlan.com\/pages\/wp-content\/uploads\/2021\/05\/beazy-ABohRftG_Os-unsplash-768x1152.jpg 768w, https:\/\/becsingatlan.com\/pages\/wp-content\/uploads\/2021\/05\/beazy-ABohRftG_Os-unsplash-1024x1536.jpg 1024w, https:\/\/becsingatlan.com\/pages\/wp-content\/uploads\/2021\/05\/beazy-ABohRftG_Os-unsplash-1365x2048.jpg 1365w, https:\/\/becsingatlan.com\/pages\/wp-content\/uploads\/2021\/05\/beazy-ABohRftG_Os-unsplash-scaled.jpg 1706w\" sizes=\"(max-width: 683px) 100vw, 683px\" \/><figcaption>Nagy belmagass\u00e1g, magas ablakok<br> Fot\u00f3: Beazy \/ Unsplash<\/figcaption><\/figure><\/div>\n\n\n\n<p>Egy ilyen \u201eb\u00e9rleti d\u00edjat cs\u00f6kkent\u0151\u201c b\u00edr\u00f3s\u00e1gi elj\u00e1r\u00e1sokat finansz\u00edroz\u00f3 c\u00e9get b\u00edzott meg b\u00e9rleti szerz\u0151d\u00e9s\u00e9nek vizsg\u00e1lat\u00e1val az a b\u00e9csi h\u00f6lgy is, aki 10 \u00e9v ut\u00e1n k\u00f6lt\u00f6z\u00f6tt ki 10. ker\u00fcleti b\u00e9rlak\u00e1s\u00e1b\u00f3l. Kider\u00fclt, hogy az \u00e9rintett h\u00f6lgy 10 \u00e9ven \u00e1t havonta 600 eur\u00f3val fizetett t\u00f6bbet 108 m<sup>2<\/sup>-es b\u00e9rlak\u00e1s\u00e1\u00e9rt, mint amennyit a b\u00e9rbead\u00f3 t\u00f6rv\u00e9nyileg k\u00e9rhetett volna \u00e9rte, \u00edgy sikeresen visszak\u00f6vetelhet 75.000 eur\u00f3t a lak\u00e1s tulajdonos\u00e1t\u00f3l. Az \u00fcgy m\u00e9g nem z\u00e1rult le, a rekord magass\u00e1g\u00fa \u00f6sszeg miatt a lak\u00e1stulajdonos b\u00edr\u00f3s\u00e1ghoz fordult, de az elj\u00e1r\u00e1st finansz\u00edroz\u00f3 Miete Runter c\u00e9g sz\u00f3viv\u0151je szerint a kamatok miatt a b\u00e9rl\u0151t megillet\u0151 \u00f6sszeg v\u00e9g\u00fcl m\u00e9g magasabbra is r\u00faghat, mint 75.000 eur\u00f3!<br><br>Az eml\u00edtett h\u00f6lgy figyelm\u00e9t egy\u00e9bk\u00e9nt egy ismer\u0151se h\u00edvta fel arra, hogy t\u00fal sokat fizetett. A h\u00f6lgy r\u00e1ad\u00e1sul bizalmi kapcsolatot \u00e1polt b\u00e9rbead\u00f3j\u00e1val, melynek a visszat\u00e9r\u00edtend\u0151 \u00f6sszeget eln\u00e9zve minden bizonnyal annyi. Ami viszont t\u00e9ny, hogy egyre t\u00f6bb a b\u00e9rleti d\u00edj visszak\u00f6vetel\u00e9ssel foglalkoz\u00f3 c\u00e9g \u00e9s a b\u00e9rleti jogi felvil\u00e1gos\u00edt\u00e1s is egyre sz\u00e9lesebb k\u00f6r\u0171, ez\u00e9rt egyre kev\u00e9sb\u00e9 \u00e9rdemes r\u00e9gi \u00e9p\u00edt\u00e9s\u0171 ingatlant a hat\u00f3s\u00e1gilag meghat\u00e1rozottn\u00e1l magasabb b\u00e9rleti d\u00edjon b\u00e9rbeadni.<br><\/p>\n\n\n\n<p>Forr\u00e1s: <a href=\"https:\/\/becsingatlan.us16.list-manage.com\/track\/click?u=97857ca5e6e035f0206ba96f4&amp;id=a2846a4f0a&amp;e=544672d536\" target=\"_blank\" rel=\"noreferrer noopener\"><strong>DerStandard<\/strong><\/a><\/p>\n","protected":false},"excerpt":{"rendered":"<p>Gyakran hangs\u00falyozzuk \u00fcgyfeleinknek, hogy az 1945 el\u0151tt \u00e9p\u00fclt ingatlanok nem kifejezetten alkalmasak befektet\u00e9si c\u00e9lra. Az alacsonyabb \u00e1rak \u00e9s a b\u00e9csi nagypolg\u00e1ri h\u00e1zak elragad\u00f3 sz\u00e9ps\u00e9ge miatt cs\u00e1b\u00edt\u00f3nak t\u0171nhet ugyan egy r\u00e9gi \u00e9p\u00edt\u00e9s\u0171 ingatlan megv\u00e1s\u00e1rl\u00e1sa, tudni kell viszont, hogy az ilyen ingatlanok b\u00e9rbead\u00e1sa nem t\u00fal kifizet\u0151d\u0151. Ausztri\u00e1ban a legt\u00f6bb 1945 el\u0151tt \u00e9p\u00fclt \u201eAltbau\u201c ingatlan b\u00e9rbead\u00e1sa hat\u00f3s\u00e1gi b\u00e9rleti [&hellip;]<\/p>\n","protected":false},"author":2,"featured_media":0,"comment_status":"closed","ping_status":"closed","sticky":false,"template":"","format":"standard","meta":{"inline_featured_image":false,"footnotes":""},"categories":[5],"tags":[],"class_list":["post-529","post","type-post","status-publish","format-standard","hentry","category-ingatlanpiaci_hirek"],"yoast_head":"<!-- This site is optimized with the Yoast SEO plugin v25.7 - https:\/\/yoast.com\/wordpress\/plugins\/seo\/ -->\n<title>T\u00fal magas b\u00e9rleti d\u00edj: 75.000 eur\u00f3 j\u00e1r vissza a b\u00e9rl\u0151nek - B\u00e9csi Ingatlanok<\/title>\n<meta name=\"robots\" content=\"index, follow, max-snippet:-1, max-image-preview:large, max-video-preview:-1\" \/>\n<link rel=\"canonical\" href=\"https:\/\/becsingatlan.com\/pages\/tul-magas-berleti-dij-75-000-euro-jar-vissza-a-berlonek\/\" \/>\n<meta property=\"og:locale\" content=\"en_US\" \/>\n<meta property=\"og:type\" content=\"article\" \/>\n<meta property=\"og:title\" content=\"T\u00fal magas b\u00e9rleti d\u00edj: 75.000 eur\u00f3 j\u00e1r vissza a b\u00e9rl\u0151nek - B\u00e9csi Ingatlanok\" \/>\n<meta property=\"og:description\" content=\"Gyakran hangs\u00falyozzuk \u00fcgyfeleinknek, hogy az 1945 el\u0151tt \u00e9p\u00fclt ingatlanok nem kifejezetten alkalmasak befektet\u00e9si c\u00e9lra. Az alacsonyabb \u00e1rak \u00e9s a b\u00e9csi nagypolg\u00e1ri h\u00e1zak elragad\u00f3 sz\u00e9ps\u00e9ge miatt cs\u00e1b\u00edt\u00f3nak t\u0171nhet ugyan egy r\u00e9gi \u00e9p\u00edt\u00e9s\u0171 ingatlan megv\u00e1s\u00e1rl\u00e1sa, tudni kell viszont, hogy az ilyen ingatlanok b\u00e9rbead\u00e1sa nem t\u00fal kifizet\u0151d\u0151. Ausztri\u00e1ban a legt\u00f6bb 1945 el\u0151tt \u00e9p\u00fclt \u201eAltbau\u201c ingatlan b\u00e9rbead\u00e1sa hat\u00f3s\u00e1gi b\u00e9rleti [&hellip;]\" \/>\n<meta property=\"og:url\" content=\"https:\/\/becsingatlan.com\/pages\/tul-magas-berleti-dij-75-000-euro-jar-vissza-a-berlonek\/\" \/>\n<meta property=\"og:site_name\" content=\"B\u00e9csi Ingatlanok\" \/>\n<meta property=\"article:publisher\" content=\"https:\/\/www.facebook.com\/becsingatlanok\/\" \/>\n<meta property=\"article:published_time\" content=\"2021-05-03T11:24:02+00:00\" \/>\n<meta property=\"article:modified_time\" content=\"2021-12-20T14:48:55+00:00\" \/>\n<meta property=\"og:image\" content=\"https:\/\/becsingatlan.com\/pages\/wp-content\/uploads\/2021\/05\/building-427930_1920-1024x681.jpg\" \/>\n<meta name=\"author\" content=\"Zoltan Nagy\" \/>\n<meta name=\"twitter:card\" content=\"summary_large_image\" \/>\n<meta name=\"twitter:label1\" content=\"Written by\" \/>\n\t<meta name=\"twitter:data1\" content=\"Zoltan Nagy\" \/>\n\t<meta name=\"twitter:label2\" content=\"Est. reading time\" \/>\n\t<meta name=\"twitter:data2\" content=\"3 minutes\" \/>\n<script type=\"application\/ld+json\" class=\"yoast-schema-graph\">{\"@context\":\"https:\/\/schema.org\",\"@graph\":[{\"@type\":\"WebPage\",\"@id\":\"https:\/\/becsingatlan.com\/pages\/tul-magas-berleti-dij-75-000-euro-jar-vissza-a-berlonek\/\",\"url\":\"https:\/\/becsingatlan.com\/pages\/tul-magas-berleti-dij-75-000-euro-jar-vissza-a-berlonek\/\",\"name\":\"T\u00fal magas b\u00e9rleti d\u00edj: 75.000 eur\u00f3 j\u00e1r vissza a b\u00e9rl\u0151nek - B\u00e9csi Ingatlanok\",\"isPartOf\":{\"@id\":\"https:\/\/becsingatlan.com\/pages\/#website\"},\"primaryImageOfPage\":{\"@id\":\"https:\/\/becsingatlan.com\/pages\/tul-magas-berleti-dij-75-000-euro-jar-vissza-a-berlonek\/#primaryimage\"},\"image\":{\"@id\":\"https:\/\/becsingatlan.com\/pages\/tul-magas-berleti-dij-75-000-euro-jar-vissza-a-berlonek\/#primaryimage\"},\"thumbnailUrl\":\"https:\/\/becsingatlan.com\/pages\/wp-content\/uploads\/2021\/05\/building-427930_1920-1024x681.jpg\",\"datePublished\":\"2021-05-03T11:24:02+00:00\",\"dateModified\":\"2021-12-20T14:48:55+00:00\",\"author\":{\"@id\":\"https:\/\/becsingatlan.com\/pages\/#\/schema\/person\/1731478b0ce667ef0f89dd249bad44d2\"},\"breadcrumb\":{\"@id\":\"https:\/\/becsingatlan.com\/pages\/tul-magas-berleti-dij-75-000-euro-jar-vissza-a-berlonek\/#breadcrumb\"},\"inLanguage\":\"en-US\",\"potentialAction\":[{\"@type\":\"ReadAction\",\"target\":[\"https:\/\/becsingatlan.com\/pages\/tul-magas-berleti-dij-75-000-euro-jar-vissza-a-berlonek\/\"]}]},{\"@type\":\"ImageObject\",\"inLanguage\":\"en-US\",\"@id\":\"https:\/\/becsingatlan.com\/pages\/tul-magas-berleti-dij-75-000-euro-jar-vissza-a-berlonek\/#primaryimage\",\"url\":\"https:\/\/becsingatlan.com\/pages\/wp-content\/uploads\/2021\/05\/building-427930_1920.jpg\",\"contentUrl\":\"https:\/\/becsingatlan.com\/pages\/wp-content\/uploads\/2021\/05\/building-427930_1920.jpg\",\"width\":1920,\"height\":1276},{\"@type\":\"BreadcrumbList\",\"@id\":\"https:\/\/becsingatlan.com\/pages\/tul-magas-berleti-dij-75-000-euro-jar-vissza-a-berlonek\/#breadcrumb\",\"itemListElement\":[{\"@type\":\"ListItem\",\"position\":1,\"name\":\"Home\",\"item\":\"https:\/\/becsingatlan.com\/pages\/\"},{\"@type\":\"ListItem\",\"position\":2,\"name\":\"T\u00fal magas b\u00e9rleti d\u00edj: 75.000 eur\u00f3 j\u00e1r vissza a b\u00e9rl\u0151nek\"}]},{\"@type\":\"WebSite\",\"@id\":\"https:\/\/becsingatlan.com\/pages\/#website\",\"url\":\"https:\/\/becsingatlan.com\/pages\/\",\"name\":\"B\u00e9csi Ingatlanok\",\"description\":\"\",\"potentialAction\":[{\"@type\":\"SearchAction\",\"target\":{\"@type\":\"EntryPoint\",\"urlTemplate\":\"https:\/\/becsingatlan.com\/pages\/?s={search_term_string}\"},\"query-input\":{\"@type\":\"PropertyValueSpecification\",\"valueRequired\":true,\"valueName\":\"search_term_string\"}}],\"inLanguage\":\"en-US\"},{\"@type\":\"Person\",\"@id\":\"https:\/\/becsingatlan.com\/pages\/#\/schema\/person\/1731478b0ce667ef0f89dd249bad44d2\",\"name\":\"Zoltan Nagy\",\"image\":{\"@type\":\"ImageObject\",\"inLanguage\":\"en-US\",\"@id\":\"https:\/\/becsingatlan.com\/pages\/#\/schema\/person\/image\/\",\"url\":\"https:\/\/secure.gravatar.com\/avatar\/1600d03194e3298bd5da77a5123420a195925fb0e25be9a8ea962e15f6d0a4f2?s=96&d=mm&r=g\",\"contentUrl\":\"https:\/\/secure.gravatar.com\/avatar\/1600d03194e3298bd5da77a5123420a195925fb0e25be9a8ea962e15f6d0a4f2?s=96&d=mm&r=g\",\"caption\":\"Zoltan Nagy\"},\"sameAs\":[\"http:\/\/becsingatlan.com\"],\"url\":\"https:\/\/becsingatlan.com\/pages\/author\/zoltan-nagy\/\"}]}<\/script>\n<!-- \/ Yoast SEO plugin. -->","yoast_head_json":{"title":"T\u00fal magas b\u00e9rleti d\u00edj: 75.000 eur\u00f3 j\u00e1r vissza a b\u00e9rl\u0151nek - B\u00e9csi Ingatlanok","robots":{"index":"index","follow":"follow","max-snippet":"max-snippet:-1","max-image-preview":"max-image-preview:large","max-video-preview":"max-video-preview:-1"},"canonical":"https:\/\/becsingatlan.com\/pages\/tul-magas-berleti-dij-75-000-euro-jar-vissza-a-berlonek\/","og_locale":"en_US","og_type":"article","og_title":"T\u00fal magas b\u00e9rleti d\u00edj: 75.000 eur\u00f3 j\u00e1r vissza a b\u00e9rl\u0151nek - B\u00e9csi Ingatlanok","og_description":"Gyakran hangs\u00falyozzuk \u00fcgyfeleinknek, hogy az 1945 el\u0151tt \u00e9p\u00fclt ingatlanok nem kifejezetten alkalmasak befektet\u00e9si c\u00e9lra. Az alacsonyabb \u00e1rak \u00e9s a b\u00e9csi nagypolg\u00e1ri h\u00e1zak elragad\u00f3 sz\u00e9ps\u00e9ge miatt cs\u00e1b\u00edt\u00f3nak t\u0171nhet ugyan egy r\u00e9gi \u00e9p\u00edt\u00e9s\u0171 ingatlan megv\u00e1s\u00e1rl\u00e1sa, tudni kell viszont, hogy az ilyen ingatlanok b\u00e9rbead\u00e1sa nem t\u00fal kifizet\u0151d\u0151. Ausztri\u00e1ban a legt\u00f6bb 1945 el\u0151tt \u00e9p\u00fclt \u201eAltbau\u201c ingatlan b\u00e9rbead\u00e1sa hat\u00f3s\u00e1gi b\u00e9rleti [&hellip;]","og_url":"https:\/\/becsingatlan.com\/pages\/tul-magas-berleti-dij-75-000-euro-jar-vissza-a-berlonek\/","og_site_name":"B\u00e9csi Ingatlanok","article_publisher":"https:\/\/www.facebook.com\/becsingatlanok\/","article_published_time":"2021-05-03T11:24:02+00:00","article_modified_time":"2021-12-20T14:48:55+00:00","og_image":[{"url":"https:\/\/becsingatlan.com\/pages\/wp-content\/uploads\/2021\/05\/building-427930_1920-1024x681.jpg","type":"","width":"","height":""}],"author":"Zoltan Nagy","twitter_card":"summary_large_image","twitter_misc":{"Written by":"Zoltan Nagy","Est. reading time":"3 minutes"},"schema":{"@context":"https:\/\/schema.org","@graph":[{"@type":"WebPage","@id":"https:\/\/becsingatlan.com\/pages\/tul-magas-berleti-dij-75-000-euro-jar-vissza-a-berlonek\/","url":"https:\/\/becsingatlan.com\/pages\/tul-magas-berleti-dij-75-000-euro-jar-vissza-a-berlonek\/","name":"T\u00fal magas b\u00e9rleti d\u00edj: 75.000 eur\u00f3 j\u00e1r vissza a b\u00e9rl\u0151nek - B\u00e9csi Ingatlanok","isPartOf":{"@id":"https:\/\/becsingatlan.com\/pages\/#website"},"primaryImageOfPage":{"@id":"https:\/\/becsingatlan.com\/pages\/tul-magas-berleti-dij-75-000-euro-jar-vissza-a-berlonek\/#primaryimage"},"image":{"@id":"https:\/\/becsingatlan.com\/pages\/tul-magas-berleti-dij-75-000-euro-jar-vissza-a-berlonek\/#primaryimage"},"thumbnailUrl":"https:\/\/becsingatlan.com\/pages\/wp-content\/uploads\/2021\/05\/building-427930_1920-1024x681.jpg","datePublished":"2021-05-03T11:24:02+00:00","dateModified":"2021-12-20T14:48:55+00:00","author":{"@id":"https:\/\/becsingatlan.com\/pages\/#\/schema\/person\/1731478b0ce667ef0f89dd249bad44d2"},"breadcrumb":{"@id":"https:\/\/becsingatlan.com\/pages\/tul-magas-berleti-dij-75-000-euro-jar-vissza-a-berlonek\/#breadcrumb"},"inLanguage":"en-US","potentialAction":[{"@type":"ReadAction","target":["https:\/\/becsingatlan.com\/pages\/tul-magas-berleti-dij-75-000-euro-jar-vissza-a-berlonek\/"]}]},{"@type":"ImageObject","inLanguage":"en-US","@id":"https:\/\/becsingatlan.com\/pages\/tul-magas-berleti-dij-75-000-euro-jar-vissza-a-berlonek\/#primaryimage","url":"https:\/\/becsingatlan.com\/pages\/wp-content\/uploads\/2021\/05\/building-427930_1920.jpg","contentUrl":"https:\/\/becsingatlan.com\/pages\/wp-content\/uploads\/2021\/05\/building-427930_1920.jpg","width":1920,"height":1276},{"@type":"BreadcrumbList","@id":"https:\/\/becsingatlan.com\/pages\/tul-magas-berleti-dij-75-000-euro-jar-vissza-a-berlonek\/#breadcrumb","itemListElement":[{"@type":"ListItem","position":1,"name":"Home","item":"https:\/\/becsingatlan.com\/pages\/"},{"@type":"ListItem","position":2,"name":"T\u00fal magas b\u00e9rleti d\u00edj: 75.000 eur\u00f3 j\u00e1r vissza a b\u00e9rl\u0151nek"}]},{"@type":"WebSite","@id":"https:\/\/becsingatlan.com\/pages\/#website","url":"https:\/\/becsingatlan.com\/pages\/","name":"B\u00e9csi Ingatlanok","description":"","potentialAction":[{"@type":"SearchAction","target":{"@type":"EntryPoint","urlTemplate":"https:\/\/becsingatlan.com\/pages\/?s={search_term_string}"},"query-input":{"@type":"PropertyValueSpecification","valueRequired":true,"valueName":"search_term_string"}}],"inLanguage":"en-US"},{"@type":"Person","@id":"https:\/\/becsingatlan.com\/pages\/#\/schema\/person\/1731478b0ce667ef0f89dd249bad44d2","name":"Zoltan Nagy","image":{"@type":"ImageObject","inLanguage":"en-US","@id":"https:\/\/becsingatlan.com\/pages\/#\/schema\/person\/image\/","url":"https:\/\/secure.gravatar.com\/avatar\/1600d03194e3298bd5da77a5123420a195925fb0e25be9a8ea962e15f6d0a4f2?s=96&d=mm&r=g","contentUrl":"https:\/\/secure.gravatar.com\/avatar\/1600d03194e3298bd5da77a5123420a195925fb0e25be9a8ea962e15f6d0a4f2?s=96&d=mm&r=g","caption":"Zoltan Nagy"},"sameAs":["http:\/\/becsingatlan.com"],"url":"https:\/\/becsingatlan.com\/pages\/author\/zoltan-nagy\/"}]}},"_links":{"self":[{"href":"https:\/\/becsingatlan.com\/pages\/wp-json\/wp\/v2\/posts\/529","targetHints":{"allow":["GET"]}}],"collection":[{"href":"https:\/\/becsingatlan.com\/pages\/wp-json\/wp\/v2\/posts"}],"about":[{"href":"https:\/\/becsingatlan.com\/pages\/wp-json\/wp\/v2\/types\/post"}],"author":[{"embeddable":true,"href":"https:\/\/becsingatlan.com\/pages\/wp-json\/wp\/v2\/users\/2"}],"replies":[{"embeddable":true,"href":"https:\/\/becsingatlan.com\/pages\/wp-json\/wp\/v2\/comments?post=529"}],"version-history":[{"count":7,"href":"https:\/\/becsingatlan.com\/pages\/wp-json\/wp\/v2\/posts\/529\/revisions"}],"predecessor-version":[{"id":538,"href":"https:\/\/becsingatlan.com\/pages\/wp-json\/wp\/v2\/posts\/529\/revisions\/538"}],"wp:attachment":[{"href":"https:\/\/becsingatlan.com\/pages\/wp-json\/wp\/v2\/media?parent=529"}],"wp:term":[{"taxonomy":"category","embeddable":true,"href":"https:\/\/becsingatlan.com\/pages\/wp-json\/wp\/v2\/categories?post=529"},{"taxonomy":"post_tag","embeddable":true,"href":"https:\/\/becsingatlan.com\/pages\/wp-json\/wp\/v2\/tags?post=529"}],"curies":[{"name":"wp","href":"https:\/\/api.w.org\/{rel}","templated":true}]}}