{"id":607,"date":"2021-12-20T15:52:52","date_gmt":"2021-12-20T14:52:52","guid":{"rendered":"https:\/\/becsingatlan.com\/pages\/?p=607"},"modified":"2021-12-20T15:58:06","modified_gmt":"2021-12-20T14:58:06","slug":"megegyezett-a-kormany-johet-a-futes-rendszervaltas","status":"publish","type":"post","link":"https:\/\/becsingatlan.com\/pages\/megegyezett-a-kormany-johet-a-futes-rendszervaltas\/","title":{"rendered":"Megegyezett a korm\u00e1ny: J\u00f6het a f\u0171t\u00e9s-rendszerv\u00e1lt\u00e1s"},"content":{"rendered":"\n<p>Nagyszab\u00e1s\u00fa, orsz\u00e1gos szint\u0171 f\u0171t\u00e9skorszer\u0171s\u00edt\u00e9sr\u0151l d\u00f6nt\u00f6tt az osztr\u00e1k korm\u00e1ny 2021 \u00e1prilis\u00e1ban. A korm\u00e1ny \u00e9s a sz\u00f6vets\u00e9gi tartom\u00e1nyok megegyeztek, hogy 2035-ig le kell cser\u00e9lni az \u00f6sszes sz\u00e9nt\u00fczel\u00e9s\u0171- \u00e9s olajf\u0171t\u00e9st, 2040-ig pedig az \u00f6sszes g\u00e1zf\u0171t\u00e9st az orsz\u00e1gban.<\/p>\n\n\n\n<p>A Statistik Austria adatai szerint jelenleg kb. 3,9 milli\u00f3 h\u00e1ztart\u00e1s van Ausztri\u00e1ban, melyek k\u00f6z\u00fcl 1 milli\u00f3 rendelkezik g\u00e1zf\u0171t\u00e9ssel \u00e9s tov\u00e1bbi f\u00e9lmilli\u00f3 f\u0171t olajjal vagy sz\u00e9nnel. A korm\u00e1ny fokozatosan tervezi betiltani az eml\u00edtett 3 f\u0171t\u00e9st\u00edpust. Leonore Gewessler k\u00f6rnyezetv\u00e9delmi miniszter\u00a0(Z\u00f6ldek) szerint az \u00e1t\u00e1ll\u00e1s nem csak a k\u00f6rnyezetv\u00e9delmet szolg\u00e1lja majd, hanem a gazdas\u00e1got is. Az \u00f6sszesen 4,5 milli\u00e1rd eur\u00f3ra r\u00fag\u00f3 \u00e1llami befektet\u00e9s 64.000 kl\u00edmabar\u00e1t munkahelyet is teremt majd Ausztri\u00e1ban.<\/p>\n\n\n\n<figure class=\"wp-block-image size-large\"><img fetchpriority=\"high\" decoding=\"async\" width=\"1024\" height=\"768\" src=\"https:\/\/becsingatlan.com\/pages\/wp-content\/uploads\/2021\/12\/hegongunslpash-1024x768.jpg\" alt=\"\" class=\"wp-image-608\" srcset=\"https:\/\/becsingatlan.com\/pages\/wp-content\/uploads\/2021\/12\/hegongunslpash-1024x768.jpg 1024w, https:\/\/becsingatlan.com\/pages\/wp-content\/uploads\/2021\/12\/hegongunslpash-300x225.jpg 300w, https:\/\/becsingatlan.com\/pages\/wp-content\/uploads\/2021\/12\/hegongunslpash-768x576.jpg 768w, https:\/\/becsingatlan.com\/pages\/wp-content\/uploads\/2021\/12\/hegongunslpash-1536x1152.jpg 1536w, https:\/\/becsingatlan.com\/pages\/wp-content\/uploads\/2021\/12\/hegongunslpash-2048x1536.jpg 2048w\" sizes=\"(max-width: 1024px) 100vw, 1024px\" \/><figcaption>Fot\u00f3: He Gong (Unsplash)<\/figcaption><\/figure>\n\n\n\n<p>A sz\u00e9n- \u00e9s olaj alap\u00fa f\u0171t\u00e9si rendszerek kivezet\u00e9s\u00e9t 2035-ig tervezik megval\u00f3s\u00edtani, ennek r\u00e9szek\u00e9nt 2022-t\u0151l a sz\u00e9n- vagy olajf\u0171t\u00e9st lecser\u00e9lni k\u00edv\u00e1n\u00f3k m\u00e1r csak k\u00f6rnyezetbar\u00e1t f\u0171t\u00e9si rendszer ki\u00e9p\u00edt\u00e9s\u00e9re kaphatnak enged\u00e9lyt. 2025-t\u0151l le kell cser\u00e9lni az \u00f6sszes ki\u00f6regedett sz\u00e9n- \u00e9s olajk\u00e1lyh\u00e1t. Az \u00e1t\u00e1ll\u00e1s m\u00e1sodik l\u00e9p\u00e9se, hogy 2040-ig\u00a0 le kell cser\u00e9lni az \u00f6sszes fosszilis g\u00e1zzal m\u0171k\u00f6d\u0151 f\u0171t\u00e9st, ez\u00e9rt 2025-t\u0151l az \u00faj \u00e9p\u00edt\u00e9s\u0171 h\u00e1zakban m\u00e1r nem enged\u00e9lyezett a g\u00e1zf\u0171t\u00e9s ki\u00e9p\u00edt\u00e9se.<\/p>\n\n\n\n<p><br>A k\u00f6rnyezetszennyez\u0151 sz\u00e9n-, olaj- \u00e9s g\u00e1zf\u0171t\u00e9sek alternat\u00edv\u00e1ja t\u00f6bbek k\u00f6z\u00f6tt a t\u00e1vh\u0151, a h\u0151szivatty\u00fa, a napkollektorok \u00e9s a fabrikett alap\u00fa f\u0171t\u00e9s. Egyel\u0151re azonban k\u00e9rd\u00e9ses, hogy milyen m\u00f3don zajlik majd az \u00e1t\u00e1ll\u00e1s p\u00e9ld\u00e1ul a t\u00f6bb sz\u00e1zezer b\u00e9csi r\u00e9gi \u00e9p\u00edt\u00e9s\u0171 h\u00e1zban, amelyekben jelenleg szinte kiz\u00e1r\u00f3lag egyedi g\u00e1zf\u0171t\u00e9st alkalmaznak. A k\u00f6rnyezetv\u00e9d\u0151 szervezetek \u00fcdv\u00f6zlik a d\u00f6nt\u00e9st, a WWF szerint azonban m\u00e9g gyorsabb temp\u00f3ban kellene betiltani a k\u00f6rnyezetszennyez\u0151 f\u0171t\u00e9srendszereket.<\/p>\n\n\n\n<figure class=\"wp-block-image size-large\"><img decoding=\"async\" width=\"1024\" height=\"677\" src=\"https:\/\/becsingatlan.com\/pages\/wp-content\/uploads\/2021\/12\/domeckopolcanva-1024x677.jpg\" alt=\"\" class=\"wp-image-609\" srcset=\"https:\/\/becsingatlan.com\/pages\/wp-content\/uploads\/2021\/12\/domeckopolcanva-1024x677.jpg 1024w, https:\/\/becsingatlan.com\/pages\/wp-content\/uploads\/2021\/12\/domeckopolcanva-300x198.jpg 300w, https:\/\/becsingatlan.com\/pages\/wp-content\/uploads\/2021\/12\/domeckopolcanva-768x508.jpg 768w, https:\/\/becsingatlan.com\/pages\/wp-content\/uploads\/2021\/12\/domeckopolcanva.jpg 1366w\" sizes=\"(max-width: 1024px) 100vw, 1024px\" \/><figcaption>A b\u00e9csi t\u00e1vh\u0151szolg\u00e1ltat\u00f3 \u00e9s szem\u00e9t\u00e9get\u0151 Hundertwasser \u00e1ltal tervezett \u00e9p\u00fclete<br>Fot\u00f3: domeckopol (Canva)<\/figcaption><\/figure>\n\n\n\n<p>Ausztri\u00e1ban m\u00e9g mindig t\u00f6bb mint f\u00e9lmilli\u00f3 h\u00e1ztart\u00e1sban f\u0171tenek olajjal \u00e9s tov\u00e1bbi kb. 1 milli\u00f3ban g\u00e1zzal. A jobboldali \u00d6VP \u00e9s a Z\u00f6ldek koal\u00edci\u00f3j\u00e1b\u00f3l \u00e1ll\u00f3 korm\u00e1ny azonban elk\u00f6telezett a k\u00f6rnyezetbar\u00e1t f\u0171t\u00e9sre val\u00f3 \u00e1t\u00e1ll\u00e1s ir\u00e1nt: a K\u00f6rnyezetv\u00e9delmi Miniszt\u00e9rium 650 milli\u00f3 eur\u00f3 \u00e1llami t\u00e1mogat\u00e1st k\u00fcl\u00f6n\u00edtett el a k\u00f6vetkez\u0151 2 \u00e9vre f\u0171t\u00e9scsere \u00e9s h\u00e1zfel\u00faj\u00edt\u00e1sok c\u00e9lj\u00e1ra. A k\u00fcl\u00f6n\u00f6sen r\u00e1szorul\u00f3 h\u00e1ztart\u00e1sok sz\u00e1m\u00e1ra pedig tov\u00e1bbi 100 milli\u00f3t k\u00fcl\u00f6n\u00edtenek el.<br><br>Forr\u00e1s: <a href=\"https:\/\/becsingatlan.us16.list-manage.com\/track\/click?u=97857ca5e6e035f0206ba96f4&amp;id=bb82861a65&amp;e=e9ab1ec156\" target=\"_blank\" rel=\"noreferrer noopener\"><strong>DerStandard<\/strong><\/a>, <a href=\"https:\/\/becsingatlan.us16.list-manage.com\/track\/click?u=97857ca5e6e035f0206ba96f4&amp;id=2f893d1cd4&amp;e=e9ab1ec156\" target=\"_blank\" rel=\"noreferrer noopener\"><strong>Wiener Zeitung<\/strong><\/a><\/p>\n","protected":false},"excerpt":{"rendered":"<p>Nagyszab\u00e1s\u00fa, orsz\u00e1gos szint\u0171 f\u0171t\u00e9skorszer\u0171s\u00edt\u00e9sr\u0151l d\u00f6nt\u00f6tt az osztr\u00e1k korm\u00e1ny 2021 \u00e1prilis\u00e1ban. A korm\u00e1ny \u00e9s a sz\u00f6vets\u00e9gi tartom\u00e1nyok megegyeztek, hogy 2035-ig le kell cser\u00e9lni az \u00f6sszes sz\u00e9nt\u00fczel\u00e9s\u0171- \u00e9s olajf\u0171t\u00e9st, 2040-ig pedig az \u00f6sszes g\u00e1zf\u0171t\u00e9st az orsz\u00e1gban. A Statistik Austria adatai szerint jelenleg kb. 3,9 milli\u00f3 h\u00e1ztart\u00e1s van Ausztri\u00e1ban, melyek k\u00f6z\u00fcl 1 milli\u00f3 rendelkezik g\u00e1zf\u0171t\u00e9ssel \u00e9s tov\u00e1bbi f\u00e9lmilli\u00f3 [&hellip;]<\/p>\n","protected":false},"author":2,"featured_media":0,"comment_status":"closed","ping_status":"closed","sticky":false,"template":"","format":"standard","meta":{"inline_featured_image":false,"footnotes":""},"categories":[5],"tags":[],"class_list":["post-607","post","type-post","status-publish","format-standard","hentry","category-ingatlanpiaci_hirek"],"yoast_head":"<!-- This site is optimized with the Yoast SEO plugin v25.7 - https:\/\/yoast.com\/wordpress\/plugins\/seo\/ -->\n<title>Megegyezett a korm\u00e1ny: J\u00f6het a f\u0171t\u00e9s-rendszerv\u00e1lt\u00e1s - B\u00e9csi Ingatlanok<\/title>\n<meta name=\"robots\" content=\"index, follow, max-snippet:-1, max-image-preview:large, max-video-preview:-1\" \/>\n<link rel=\"canonical\" href=\"https:\/\/becsingatlan.com\/pages\/megegyezett-a-kormany-johet-a-futes-rendszervaltas\/\" \/>\n<meta property=\"og:locale\" content=\"en_US\" \/>\n<meta property=\"og:type\" content=\"article\" \/>\n<meta property=\"og:title\" content=\"Megegyezett a korm\u00e1ny: J\u00f6het a f\u0171t\u00e9s-rendszerv\u00e1lt\u00e1s - B\u00e9csi Ingatlanok\" \/>\n<meta property=\"og:description\" content=\"Nagyszab\u00e1s\u00fa, orsz\u00e1gos szint\u0171 f\u0171t\u00e9skorszer\u0171s\u00edt\u00e9sr\u0151l d\u00f6nt\u00f6tt az osztr\u00e1k korm\u00e1ny 2021 \u00e1prilis\u00e1ban. A korm\u00e1ny \u00e9s a sz\u00f6vets\u00e9gi tartom\u00e1nyok megegyeztek, hogy 2035-ig le kell cser\u00e9lni az \u00f6sszes sz\u00e9nt\u00fczel\u00e9s\u0171- \u00e9s olajf\u0171t\u00e9st, 2040-ig pedig az \u00f6sszes g\u00e1zf\u0171t\u00e9st az orsz\u00e1gban. A Statistik Austria adatai szerint jelenleg kb. 3,9 milli\u00f3 h\u00e1ztart\u00e1s van Ausztri\u00e1ban, melyek k\u00f6z\u00fcl 1 milli\u00f3 rendelkezik g\u00e1zf\u0171t\u00e9ssel \u00e9s tov\u00e1bbi f\u00e9lmilli\u00f3 [&hellip;]\" \/>\n<meta property=\"og:url\" content=\"https:\/\/becsingatlan.com\/pages\/megegyezett-a-kormany-johet-a-futes-rendszervaltas\/\" \/>\n<meta property=\"og:site_name\" content=\"B\u00e9csi Ingatlanok\" \/>\n<meta property=\"article:publisher\" content=\"https:\/\/www.facebook.com\/becsingatlanok\/\" \/>\n<meta property=\"article:published_time\" content=\"2021-12-20T14:52:52+00:00\" \/>\n<meta property=\"article:modified_time\" content=\"2021-12-20T14:58:06+00:00\" \/>\n<meta property=\"og:image\" content=\"https:\/\/becsingatlan.com\/pages\/wp-content\/uploads\/2021\/12\/hegongunslpash-1024x768.jpg\" \/>\n<meta name=\"author\" content=\"Zoltan Nagy\" \/>\n<meta name=\"twitter:card\" content=\"summary_large_image\" \/>\n<meta name=\"twitter:label1\" content=\"Written by\" \/>\n\t<meta name=\"twitter:data1\" content=\"Zoltan Nagy\" \/>\n\t<meta name=\"twitter:label2\" content=\"Est. reading time\" \/>\n\t<meta name=\"twitter:data2\" content=\"2 minutes\" \/>\n<script type=\"application\/ld+json\" class=\"yoast-schema-graph\">{\"@context\":\"https:\/\/schema.org\",\"@graph\":[{\"@type\":\"WebPage\",\"@id\":\"https:\/\/becsingatlan.com\/pages\/megegyezett-a-kormany-johet-a-futes-rendszervaltas\/\",\"url\":\"https:\/\/becsingatlan.com\/pages\/megegyezett-a-kormany-johet-a-futes-rendszervaltas\/\",\"name\":\"Megegyezett a korm\u00e1ny: J\u00f6het a f\u0171t\u00e9s-rendszerv\u00e1lt\u00e1s - B\u00e9csi Ingatlanok\",\"isPartOf\":{\"@id\":\"https:\/\/becsingatlan.com\/pages\/#website\"},\"primaryImageOfPage\":{\"@id\":\"https:\/\/becsingatlan.com\/pages\/megegyezett-a-kormany-johet-a-futes-rendszervaltas\/#primaryimage\"},\"image\":{\"@id\":\"https:\/\/becsingatlan.com\/pages\/megegyezett-a-kormany-johet-a-futes-rendszervaltas\/#primaryimage\"},\"thumbnailUrl\":\"https:\/\/becsingatlan.com\/pages\/wp-content\/uploads\/2021\/12\/hegongunslpash-1024x768.jpg\",\"datePublished\":\"2021-12-20T14:52:52+00:00\",\"dateModified\":\"2021-12-20T14:58:06+00:00\",\"author\":{\"@id\":\"https:\/\/becsingatlan.com\/pages\/#\/schema\/person\/1731478b0ce667ef0f89dd249bad44d2\"},\"breadcrumb\":{\"@id\":\"https:\/\/becsingatlan.com\/pages\/megegyezett-a-kormany-johet-a-futes-rendszervaltas\/#breadcrumb\"},\"inLanguage\":\"en-US\",\"potentialAction\":[{\"@type\":\"ReadAction\",\"target\":[\"https:\/\/becsingatlan.com\/pages\/megegyezett-a-kormany-johet-a-futes-rendszervaltas\/\"]}]},{\"@type\":\"ImageObject\",\"inLanguage\":\"en-US\",\"@id\":\"https:\/\/becsingatlan.com\/pages\/megegyezett-a-kormany-johet-a-futes-rendszervaltas\/#primaryimage\",\"url\":\"https:\/\/becsingatlan.com\/pages\/wp-content\/uploads\/2021\/12\/hegongunslpash-scaled.jpg\",\"contentUrl\":\"https:\/\/becsingatlan.com\/pages\/wp-content\/uploads\/2021\/12\/hegongunslpash-scaled.jpg\",\"width\":2560,\"height\":1920},{\"@type\":\"BreadcrumbList\",\"@id\":\"https:\/\/becsingatlan.com\/pages\/megegyezett-a-kormany-johet-a-futes-rendszervaltas\/#breadcrumb\",\"itemListElement\":[{\"@type\":\"ListItem\",\"position\":1,\"name\":\"Home\",\"item\":\"https:\/\/becsingatlan.com\/pages\/\"},{\"@type\":\"ListItem\",\"position\":2,\"name\":\"Megegyezett a korm\u00e1ny: J\u00f6het a f\u0171t\u00e9s-rendszerv\u00e1lt\u00e1s\"}]},{\"@type\":\"WebSite\",\"@id\":\"https:\/\/becsingatlan.com\/pages\/#website\",\"url\":\"https:\/\/becsingatlan.com\/pages\/\",\"name\":\"B\u00e9csi Ingatlanok\",\"description\":\"\",\"potentialAction\":[{\"@type\":\"SearchAction\",\"target\":{\"@type\":\"EntryPoint\",\"urlTemplate\":\"https:\/\/becsingatlan.com\/pages\/?s={search_term_string}\"},\"query-input\":{\"@type\":\"PropertyValueSpecification\",\"valueRequired\":true,\"valueName\":\"search_term_string\"}}],\"inLanguage\":\"en-US\"},{\"@type\":\"Person\",\"@id\":\"https:\/\/becsingatlan.com\/pages\/#\/schema\/person\/1731478b0ce667ef0f89dd249bad44d2\",\"name\":\"Zoltan Nagy\",\"image\":{\"@type\":\"ImageObject\",\"inLanguage\":\"en-US\",\"@id\":\"https:\/\/becsingatlan.com\/pages\/#\/schema\/person\/image\/\",\"url\":\"https:\/\/secure.gravatar.com\/avatar\/1600d03194e3298bd5da77a5123420a195925fb0e25be9a8ea962e15f6d0a4f2?s=96&d=mm&r=g\",\"contentUrl\":\"https:\/\/secure.gravatar.com\/avatar\/1600d03194e3298bd5da77a5123420a195925fb0e25be9a8ea962e15f6d0a4f2?s=96&d=mm&r=g\",\"caption\":\"Zoltan Nagy\"},\"sameAs\":[\"http:\/\/becsingatlan.com\"],\"url\":\"https:\/\/becsingatlan.com\/pages\/author\/zoltan-nagy\/\"}]}<\/script>\n<!-- \/ Yoast SEO plugin. -->","yoast_head_json":{"title":"Megegyezett a korm\u00e1ny: J\u00f6het a f\u0171t\u00e9s-rendszerv\u00e1lt\u00e1s - B\u00e9csi Ingatlanok","robots":{"index":"index","follow":"follow","max-snippet":"max-snippet:-1","max-image-preview":"max-image-preview:large","max-video-preview":"max-video-preview:-1"},"canonical":"https:\/\/becsingatlan.com\/pages\/megegyezett-a-kormany-johet-a-futes-rendszervaltas\/","og_locale":"en_US","og_type":"article","og_title":"Megegyezett a korm\u00e1ny: J\u00f6het a f\u0171t\u00e9s-rendszerv\u00e1lt\u00e1s - B\u00e9csi Ingatlanok","og_description":"Nagyszab\u00e1s\u00fa, orsz\u00e1gos szint\u0171 f\u0171t\u00e9skorszer\u0171s\u00edt\u00e9sr\u0151l d\u00f6nt\u00f6tt az osztr\u00e1k korm\u00e1ny 2021 \u00e1prilis\u00e1ban. A korm\u00e1ny \u00e9s a sz\u00f6vets\u00e9gi tartom\u00e1nyok megegyeztek, hogy 2035-ig le kell cser\u00e9lni az \u00f6sszes sz\u00e9nt\u00fczel\u00e9s\u0171- \u00e9s olajf\u0171t\u00e9st, 2040-ig pedig az \u00f6sszes g\u00e1zf\u0171t\u00e9st az orsz\u00e1gban. A Statistik Austria adatai szerint jelenleg kb. 3,9 milli\u00f3 h\u00e1ztart\u00e1s van Ausztri\u00e1ban, melyek k\u00f6z\u00fcl 1 milli\u00f3 rendelkezik g\u00e1zf\u0171t\u00e9ssel \u00e9s tov\u00e1bbi f\u00e9lmilli\u00f3 [&hellip;]","og_url":"https:\/\/becsingatlan.com\/pages\/megegyezett-a-kormany-johet-a-futes-rendszervaltas\/","og_site_name":"B\u00e9csi Ingatlanok","article_publisher":"https:\/\/www.facebook.com\/becsingatlanok\/","article_published_time":"2021-12-20T14:52:52+00:00","article_modified_time":"2021-12-20T14:58:06+00:00","og_image":[{"url":"https:\/\/becsingatlan.com\/pages\/wp-content\/uploads\/2021\/12\/hegongunslpash-1024x768.jpg","type":"","width":"","height":""}],"author":"Zoltan Nagy","twitter_card":"summary_large_image","twitter_misc":{"Written by":"Zoltan Nagy","Est. reading time":"2 minutes"},"schema":{"@context":"https:\/\/schema.org","@graph":[{"@type":"WebPage","@id":"https:\/\/becsingatlan.com\/pages\/megegyezett-a-kormany-johet-a-futes-rendszervaltas\/","url":"https:\/\/becsingatlan.com\/pages\/megegyezett-a-kormany-johet-a-futes-rendszervaltas\/","name":"Megegyezett a korm\u00e1ny: J\u00f6het a f\u0171t\u00e9s-rendszerv\u00e1lt\u00e1s - B\u00e9csi Ingatlanok","isPartOf":{"@id":"https:\/\/becsingatlan.com\/pages\/#website"},"primaryImageOfPage":{"@id":"https:\/\/becsingatlan.com\/pages\/megegyezett-a-kormany-johet-a-futes-rendszervaltas\/#primaryimage"},"image":{"@id":"https:\/\/becsingatlan.com\/pages\/megegyezett-a-kormany-johet-a-futes-rendszervaltas\/#primaryimage"},"thumbnailUrl":"https:\/\/becsingatlan.com\/pages\/wp-content\/uploads\/2021\/12\/hegongunslpash-1024x768.jpg","datePublished":"2021-12-20T14:52:52+00:00","dateModified":"2021-12-20T14:58:06+00:00","author":{"@id":"https:\/\/becsingatlan.com\/pages\/#\/schema\/person\/1731478b0ce667ef0f89dd249bad44d2"},"breadcrumb":{"@id":"https:\/\/becsingatlan.com\/pages\/megegyezett-a-kormany-johet-a-futes-rendszervaltas\/#breadcrumb"},"inLanguage":"en-US","potentialAction":[{"@type":"ReadAction","target":["https:\/\/becsingatlan.com\/pages\/megegyezett-a-kormany-johet-a-futes-rendszervaltas\/"]}]},{"@type":"ImageObject","inLanguage":"en-US","@id":"https:\/\/becsingatlan.com\/pages\/megegyezett-a-kormany-johet-a-futes-rendszervaltas\/#primaryimage","url":"https:\/\/becsingatlan.com\/pages\/wp-content\/uploads\/2021\/12\/hegongunslpash-scaled.jpg","contentUrl":"https:\/\/becsingatlan.com\/pages\/wp-content\/uploads\/2021\/12\/hegongunslpash-scaled.jpg","width":2560,"height":1920},{"@type":"BreadcrumbList","@id":"https:\/\/becsingatlan.com\/pages\/megegyezett-a-kormany-johet-a-futes-rendszervaltas\/#breadcrumb","itemListElement":[{"@type":"ListItem","position":1,"name":"Home","item":"https:\/\/becsingatlan.com\/pages\/"},{"@type":"ListItem","position":2,"name":"Megegyezett a korm\u00e1ny: J\u00f6het a f\u0171t\u00e9s-rendszerv\u00e1lt\u00e1s"}]},{"@type":"WebSite","@id":"https:\/\/becsingatlan.com\/pages\/#website","url":"https:\/\/becsingatlan.com\/pages\/","name":"B\u00e9csi Ingatlanok","description":"","potentialAction":[{"@type":"SearchAction","target":{"@type":"EntryPoint","urlTemplate":"https:\/\/becsingatlan.com\/pages\/?s={search_term_string}"},"query-input":{"@type":"PropertyValueSpecification","valueRequired":true,"valueName":"search_term_string"}}],"inLanguage":"en-US"},{"@type":"Person","@id":"https:\/\/becsingatlan.com\/pages\/#\/schema\/person\/1731478b0ce667ef0f89dd249bad44d2","name":"Zoltan Nagy","image":{"@type":"ImageObject","inLanguage":"en-US","@id":"https:\/\/becsingatlan.com\/pages\/#\/schema\/person\/image\/","url":"https:\/\/secure.gravatar.com\/avatar\/1600d03194e3298bd5da77a5123420a195925fb0e25be9a8ea962e15f6d0a4f2?s=96&d=mm&r=g","contentUrl":"https:\/\/secure.gravatar.com\/avatar\/1600d03194e3298bd5da77a5123420a195925fb0e25be9a8ea962e15f6d0a4f2?s=96&d=mm&r=g","caption":"Zoltan Nagy"},"sameAs":["http:\/\/becsingatlan.com"],"url":"https:\/\/becsingatlan.com\/pages\/author\/zoltan-nagy\/"}]}},"_links":{"self":[{"href":"https:\/\/becsingatlan.com\/pages\/wp-json\/wp\/v2\/posts\/607","targetHints":{"allow":["GET"]}}],"collection":[{"href":"https:\/\/becsingatlan.com\/pages\/wp-json\/wp\/v2\/posts"}],"about":[{"href":"https:\/\/becsingatlan.com\/pages\/wp-json\/wp\/v2\/types\/post"}],"author":[{"embeddable":true,"href":"https:\/\/becsingatlan.com\/pages\/wp-json\/wp\/v2\/users\/2"}],"replies":[{"embeddable":true,"href":"https:\/\/becsingatlan.com\/pages\/wp-json\/wp\/v2\/comments?post=607"}],"version-history":[{"count":1,"href":"https:\/\/becsingatlan.com\/pages\/wp-json\/wp\/v2\/posts\/607\/revisions"}],"predecessor-version":[{"id":610,"href":"https:\/\/becsingatlan.com\/pages\/wp-json\/wp\/v2\/posts\/607\/revisions\/610"}],"wp:attachment":[{"href":"https:\/\/becsingatlan.com\/pages\/wp-json\/wp\/v2\/media?parent=607"}],"wp:term":[{"taxonomy":"category","embeddable":true,"href":"https:\/\/becsingatlan.com\/pages\/wp-json\/wp\/v2\/categories?post=607"},{"taxonomy":"post_tag","embeddable":true,"href":"https:\/\/becsingatlan.com\/pages\/wp-json\/wp\/v2\/tags?post=607"}],"curies":[{"name":"wp","href":"https:\/\/api.w.org\/{rel}","templated":true}]}}