{"id":615,"date":"2021-12-20T16:05:42","date_gmt":"2021-12-20T15:05:42","guid":{"rendered":"https:\/\/becsingatlan.com\/pages\/?p=615"},"modified":"2021-12-20T16:09:38","modified_gmt":"2021-12-20T15:09:38","slug":"bemutatkozik-az-1-kerulet","status":"publish","type":"post","link":"https:\/\/becsingatlan.com\/pages\/bemutatkozik-az-1-kerulet\/","title":{"rendered":"Bemutatkozik az 1. ker\u00fclet"},"content":{"rendered":"\n<p><strong>1. Innere Stadt<\/strong><\/p>\n\n\n\n<p><br>B\u00e9cs 1.\u00a0ker\u00fclet\u00e9t val\u00f3sz\u00edn\u0171leg senkinek sem kell bemutatni. A Belv\u00e1ros (Innere Stadt) a b\u00e9csi kult\u00fara sz\u00ednpada: itt tal\u00e1lhat\u00f3 az \u00c1llami Operah\u00e1z, a Burgtheater, az Albertina, a M\u0171v\u00e9szett\u00f6rt\u00e9neti M\u00fazeum, a Term\u00e9szettudom\u00e1nyi M\u00fazeum, a Vil\u00e1gm\u00fazeum, valamint\u00a0m\u00e9g sz\u00e1mos m\u00e1s sz\u00ednh\u00e1z,\u00a0m\u00fazeum \u00e9s gal\u00e9ria is. T\u00f6bb kult\u00fara ilyen kis ter\u00fcleten tal\u00e1n nem is f\u00e9rne el. Ugyanez igaz az 1. ker\u00fclet polg\u00e1raira is: 16.000 ker\u00fcleti lakos osztozik a cs\u00e1sz\u00e1rv\u00e1ros k\u00f6zpontj\u00e1n 250.000 itt dolgoz\u00f3val \u00e9s turist\u00e1val.<br><\/p>\n\n\n\n<figure class=\"wp-block-image size-large\"><img fetchpriority=\"high\" decoding=\"async\" width=\"1024\" height=\"768\" src=\"https:\/\/becsingatlan.com\/pages\/wp-content\/uploads\/2021\/12\/grabenunsplash-1024x768.jpg\" alt=\"\" class=\"wp-image-616\" srcset=\"https:\/\/becsingatlan.com\/pages\/wp-content\/uploads\/2021\/12\/grabenunsplash-1024x768.jpg 1024w, https:\/\/becsingatlan.com\/pages\/wp-content\/uploads\/2021\/12\/grabenunsplash-300x225.jpg 300w, https:\/\/becsingatlan.com\/pages\/wp-content\/uploads\/2021\/12\/grabenunsplash-768x576.jpg 768w, https:\/\/becsingatlan.com\/pages\/wp-content\/uploads\/2021\/12\/grabenunsplash.jpg 1200w\" sizes=\"(max-width: 1024px) 100vw, 1024px\" \/><figcaption>A Graben \u00fcnnepi d\u00edszben<br>Fot\u00f3: Unsplash<\/figcaption><\/figure>\n\n\n\n<p><strong>Lak\u00e1spiac<\/strong><br><br>Az ingatlanok tekintet\u00e9ben B\u00e9cs\u00a01. ker\u00fclete\u00a0hagyom\u00e1nyosan a f\u0151v\u00e1ros\u00a0legdr\u00e1g\u00e1bb ker\u00fclete, mind az elad\u00f3 ingatlanok, mind a b\u00e9rlak\u00e1sok tekintet\u00e9ben. 2012 \u00f3ta a ker\u00fcleti \u00f6r\u00f6kalk\u00e1sok \u00e1rai csaknem megdupl\u00e1z\u00f3dtak. M\u00edg 2012 november\u00e9ben \u00e1tlagosan 10.154 eur\u00f3t kellett fizetni egy lak\u00e1s n\u00e9gyzetm\u00e9ter\u00e9\u00e9rt, 2021\u00a0novemberben\u00a0m\u00e1r 19.440 eur\u00f3 az \u00e1tlagos n\u00e9gyzetm\u00e9ter\u00e1r. A b\u00e9rlak\u00e1sok n\u00e9gyzetm\u00e9ter\u00e1ra ezzel szemben szinte egy\u00e1ltal\u00e1n nem v\u00e1ltozott az elm\u00falt 9 \u00e9vben, stabilan 19-20 EUR\/m<sup>2\u00a0<\/sup>k\u00f6z\u00f6tt mozog.<\/p>\n\n\n\n<figure class=\"wp-block-image size-large\"><img decoding=\"async\" width=\"1024\" height=\"484\" src=\"https:\/\/becsingatlan.com\/pages\/wp-content\/uploads\/2021\/12\/1ker-1024x484.png\" alt=\"\" class=\"wp-image-617\" srcset=\"https:\/\/becsingatlan.com\/pages\/wp-content\/uploads\/2021\/12\/1ker-1024x484.png 1024w, https:\/\/becsingatlan.com\/pages\/wp-content\/uploads\/2021\/12\/1ker-300x142.png 300w, https:\/\/becsingatlan.com\/pages\/wp-content\/uploads\/2021\/12\/1ker-768x363.png 768w, https:\/\/becsingatlan.com\/pages\/wp-content\/uploads\/2021\/12\/1ker.png 1188w\" sizes=\"(max-width: 1024px) 100vw, 1024px\" \/><figcaption>Az \u00f6r\u00f6klak\u00e1sok v\u00e9tel\u00e1ra az 1. ker\u00fcletben 2012 \u00f3ta megdupl\u00e1z\u00f3dott<br>Forr\u00e1s: immopreise.at<\/figcaption><\/figure>\n\n\n\n<p>A ker\u00fcletben mind\u00f6ssze 131 \u00faj \u00e9p\u00edt\u00e9s\u0171 lak\u00e1s tal\u00e1lhat\u00f3, amely az \u00f6sszes b\u00e9csi \u00faj \u00e9p\u00edt\u00e9s\u0171 lak\u00e1s 0,6%-a.\u00a055\u00a0m<sup>2<\/sup> lak\u00f3ter\u00fclet jut egy emberre, amely magasan a b\u00e9csi \u00e1tlag 35\u00a0m<sup>2<\/sup> felett van. Tov\u00e1bbi \u00e9rdekess\u00e9g, hogy az 1. ker\u00fclet az egyetlen B\u00e9csben, amelynek cs\u00f6kkent a lakoss\u00e1ga az elm\u00falt 10 \u00e9vben. A ker\u00fclet lakoss\u00e1ga 2020-ban mind\u00f6ssze 16.047 f\u0151 volt, amely 2,9%-kal kevesebb, mint 2010-ben. A lakoss\u00e1g 74,4%-a osztr\u00e1k \u00e1llampolg\u00e1r, amely 5%-kal magasabb a b\u00e9csi \u00e1tlagn\u00e1l. A legt\u00f6bb k\u00fclf\u00f6ldi lakos n\u00e9met, orosz, szerb, olasz \u00e9s amerikai.<\/p>\n\n\n\n<figure class=\"wp-block-image size-large\"><img decoding=\"async\" width=\"1024\" height=\"576\" src=\"https:\/\/becsingatlan.com\/pages\/wp-content\/uploads\/2021\/12\/sacherunsplash-1024x576.jpg\" alt=\"\" class=\"wp-image-618\" srcset=\"https:\/\/becsingatlan.com\/pages\/wp-content\/uploads\/2021\/12\/sacherunsplash-1024x576.jpg 1024w, https:\/\/becsingatlan.com\/pages\/wp-content\/uploads\/2021\/12\/sacherunsplash-300x169.jpg 300w, https:\/\/becsingatlan.com\/pages\/wp-content\/uploads\/2021\/12\/sacherunsplash-768x432.jpg 768w, https:\/\/becsingatlan.com\/pages\/wp-content\/uploads\/2021\/12\/sacherunsplash.jpg 1200w\" sizes=\"(max-width: 1024px) 100vw, 1024px\" \/><figcaption>Az eredeti Sachertorte a Hotel Sacher k\u00e1v\u00e9h\u00e1z\u00e1b\u00f3l<\/figcaption><\/figure>\n\n\n\n<p><strong>Amit nem \u00e9rdemes kihagyni az 1. ker\u00fcletben<\/strong><br><br>Az 1. ker\u00fcletben j\u00e1rva \u00e9rdemes felkeresni a belv\u00e1ros legszebb parkjait, p\u00e9ld\u00e1ul a Volksgartent \u00e9s a Burggartent. Ut\u00f3bbi\u00a0k\u00fcl\u00f6nlegess\u00e9ge a Pillang\u00f3h\u00e1z (Schmetterlingshaus), melyen a pillang\u00f3kkal \u00e9s tr\u00f3pusi n\u00f6v\u00e9nyekkel B\u00e9cs egyik legk\u00fcl\u00f6nlegesebb hangulat\u00fa k\u00e1v\u00e9z\u00f3ja, a Palmenhaus is osztozik.\u00a0<\/p>\n\n\n\n<p>A Grabenen j\u00e1rva \u00e9rdemes \u00fatba ejteni a Meinl am Graben nev\u0171 \u00e1ruh\u00e1zat, ahol B\u00e9cs, Ausztria \u00e9s a vil\u00e1g gourmet \u00e9lelmiszer-k\u00f6l\u00f6nlegess\u00e9geit\u00a0v\u00e1s\u00e1rolhatjuk meg. A monarchia legpomp\u00e1sabb id\u0151szak\u00e1t megid\u00e9z\u0151 \u00e9p\u00fclet \u00f6nmag\u00e1ban is meg\u00e9r egy l\u00e1togat\u00e1st.<br><\/p>\n\n\n\n<figure class=\"wp-block-image size-large\"><img loading=\"lazy\" decoding=\"async\" width=\"1024\" height=\"683\" src=\"https:\/\/becsingatlan.com\/pages\/wp-content\/uploads\/2021\/12\/alisaantonunsplash-1024x683.jpg\" alt=\"\" class=\"wp-image-619\" srcset=\"https:\/\/becsingatlan.com\/pages\/wp-content\/uploads\/2021\/12\/alisaantonunsplash-1024x683.jpg 1024w, https:\/\/becsingatlan.com\/pages\/wp-content\/uploads\/2021\/12\/alisaantonunsplash-300x200.jpg 300w, https:\/\/becsingatlan.com\/pages\/wp-content\/uploads\/2021\/12\/alisaantonunsplash-768x512.jpg 768w, https:\/\/becsingatlan.com\/pages\/wp-content\/uploads\/2021\/12\/alisaantonunsplash-1536x1024.jpg 1536w, https:\/\/becsingatlan.com\/pages\/wp-content\/uploads\/2021\/12\/alisaantonunsplash-2048x1365.jpg 2048w\" sizes=\"(max-width: 1024px) 100vw, 1024px\" \/><figcaption>Fot\u00f3: Alisa Anton (Unsplash)<\/figcaption><\/figure>\n\n\n\n<p>A csillog\u00f3 bev\u00e1s\u00e1rl\u00f3utc\u00e1kt\u00f3l t\u00e1volabb es\u0151, sz\u0171k, k\u00f6z\u00e9pkori hangulatot id\u00e9z\u0151 utc\u00e1kat szint\u00e9n \u00e9rdemes \u00fatba ejteni. Ilyen a Sch\u00f6nlaterngasse, a Blutgasse, a B\u00e4ckerstra\u00dfe vagy a M\u00f6lkersteig.<br><br>A m\u00fazeumok kedvel\u0151i sz\u00e1m\u00e1ra \u00e9rdekes lehet a Weltmuseum (Vil\u00e1gm\u00fazeum), amely a vil\u00e1g egyik legnagyobb, minden kontinenst fel\u00f6lel\u0151 n\u00e9prajzi gy\u0171jtem\u00e9ny\u00e9vel v\u00e1rja az \u00e9rdekl\u0151d\u0151ket, jelenleg online t\u00e1rlatvezet\u00e9s keretein bel\u00fcl is.<br><br>Forr\u00e1s: Stadt Wien, Immopreise.at, Otto Immobilien Wohnmarkt Magazin 2021<\/p>\n","protected":false},"excerpt":{"rendered":"<p>1. Innere Stadt B\u00e9cs 1.\u00a0ker\u00fclet\u00e9t val\u00f3sz\u00edn\u0171leg senkinek sem kell bemutatni. A Belv\u00e1ros (Innere Stadt) a b\u00e9csi kult\u00fara sz\u00ednpada: itt tal\u00e1lhat\u00f3 az \u00c1llami Operah\u00e1z, a Burgtheater, az Albertina, a M\u0171v\u00e9szett\u00f6rt\u00e9neti M\u00fazeum, a Term\u00e9szettudom\u00e1nyi M\u00fazeum, a Vil\u00e1gm\u00fazeum, valamint\u00a0m\u00e9g sz\u00e1mos m\u00e1s sz\u00ednh\u00e1z,\u00a0m\u00fazeum \u00e9s gal\u00e9ria is. T\u00f6bb kult\u00fara ilyen kis ter\u00fcleten tal\u00e1n nem is f\u00e9rne el. Ugyanez igaz az [&hellip;]<\/p>\n","protected":false},"author":2,"featured_media":0,"comment_status":"closed","ping_status":"closed","sticky":false,"template":"","format":"standard","meta":{"inline_featured_image":false,"footnotes":""},"categories":[6],"tags":[],"class_list":["post-615","post","type-post","status-publish","format-standard","hentry","category-becs"],"yoast_head":"<!-- This site is optimized with the Yoast SEO plugin v25.7 - https:\/\/yoast.com\/wordpress\/plugins\/seo\/ -->\n<title>Bemutatkozik az 1. ker\u00fclet - B\u00e9csi Ingatlanok<\/title>\n<meta name=\"robots\" content=\"index, follow, max-snippet:-1, max-image-preview:large, max-video-preview:-1\" \/>\n<link rel=\"canonical\" href=\"https:\/\/becsingatlan.com\/pages\/bemutatkozik-az-1-kerulet\/\" \/>\n<meta property=\"og:locale\" content=\"en_US\" \/>\n<meta property=\"og:type\" content=\"article\" \/>\n<meta property=\"og:title\" content=\"Bemutatkozik az 1. ker\u00fclet - B\u00e9csi Ingatlanok\" \/>\n<meta property=\"og:description\" content=\"1. Innere Stadt B\u00e9cs 1.\u00a0ker\u00fclet\u00e9t val\u00f3sz\u00edn\u0171leg senkinek sem kell bemutatni. A Belv\u00e1ros (Innere Stadt) a b\u00e9csi kult\u00fara sz\u00ednpada: itt tal\u00e1lhat\u00f3 az \u00c1llami Operah\u00e1z, a Burgtheater, az Albertina, a M\u0171v\u00e9szett\u00f6rt\u00e9neti M\u00fazeum, a Term\u00e9szettudom\u00e1nyi M\u00fazeum, a Vil\u00e1gm\u00fazeum, valamint\u00a0m\u00e9g sz\u00e1mos m\u00e1s sz\u00ednh\u00e1z,\u00a0m\u00fazeum \u00e9s gal\u00e9ria is. T\u00f6bb kult\u00fara ilyen kis ter\u00fcleten tal\u00e1n nem is f\u00e9rne el. Ugyanez igaz az [&hellip;]\" \/>\n<meta property=\"og:url\" content=\"https:\/\/becsingatlan.com\/pages\/bemutatkozik-az-1-kerulet\/\" \/>\n<meta property=\"og:site_name\" content=\"B\u00e9csi Ingatlanok\" \/>\n<meta property=\"article:publisher\" content=\"https:\/\/www.facebook.com\/becsingatlanok\/\" \/>\n<meta property=\"article:published_time\" content=\"2021-12-20T15:05:42+00:00\" \/>\n<meta property=\"article:modified_time\" content=\"2021-12-20T15:09:38+00:00\" \/>\n<meta property=\"og:image\" content=\"https:\/\/becsingatlan.com\/pages\/wp-content\/uploads\/2021\/12\/grabenunsplash-1024x768.jpg\" \/>\n<meta name=\"author\" content=\"Zoltan Nagy\" \/>\n<meta name=\"twitter:card\" content=\"summary_large_image\" \/>\n<meta name=\"twitter:label1\" content=\"Written by\" \/>\n\t<meta name=\"twitter:data1\" content=\"Zoltan Nagy\" \/>\n\t<meta name=\"twitter:label2\" content=\"Est. reading time\" \/>\n\t<meta name=\"twitter:data2\" content=\"3 minutes\" \/>\n<script type=\"application\/ld+json\" class=\"yoast-schema-graph\">{\"@context\":\"https:\/\/schema.org\",\"@graph\":[{\"@type\":\"WebPage\",\"@id\":\"https:\/\/becsingatlan.com\/pages\/bemutatkozik-az-1-kerulet\/\",\"url\":\"https:\/\/becsingatlan.com\/pages\/bemutatkozik-az-1-kerulet\/\",\"name\":\"Bemutatkozik az 1. ker\u00fclet - B\u00e9csi Ingatlanok\",\"isPartOf\":{\"@id\":\"https:\/\/becsingatlan.com\/pages\/#website\"},\"primaryImageOfPage\":{\"@id\":\"https:\/\/becsingatlan.com\/pages\/bemutatkozik-az-1-kerulet\/#primaryimage\"},\"image\":{\"@id\":\"https:\/\/becsingatlan.com\/pages\/bemutatkozik-az-1-kerulet\/#primaryimage\"},\"thumbnailUrl\":\"https:\/\/becsingatlan.com\/pages\/wp-content\/uploads\/2021\/12\/grabenunsplash-1024x768.jpg\",\"datePublished\":\"2021-12-20T15:05:42+00:00\",\"dateModified\":\"2021-12-20T15:09:38+00:00\",\"author\":{\"@id\":\"https:\/\/becsingatlan.com\/pages\/#\/schema\/person\/1731478b0ce667ef0f89dd249bad44d2\"},\"breadcrumb\":{\"@id\":\"https:\/\/becsingatlan.com\/pages\/bemutatkozik-az-1-kerulet\/#breadcrumb\"},\"inLanguage\":\"en-US\",\"potentialAction\":[{\"@type\":\"ReadAction\",\"target\":[\"https:\/\/becsingatlan.com\/pages\/bemutatkozik-az-1-kerulet\/\"]}]},{\"@type\":\"ImageObject\",\"inLanguage\":\"en-US\",\"@id\":\"https:\/\/becsingatlan.com\/pages\/bemutatkozik-az-1-kerulet\/#primaryimage\",\"url\":\"https:\/\/becsingatlan.com\/pages\/wp-content\/uploads\/2021\/12\/grabenunsplash.jpg\",\"contentUrl\":\"https:\/\/becsingatlan.com\/pages\/wp-content\/uploads\/2021\/12\/grabenunsplash.jpg\",\"width\":1200,\"height\":900},{\"@type\":\"BreadcrumbList\",\"@id\":\"https:\/\/becsingatlan.com\/pages\/bemutatkozik-az-1-kerulet\/#breadcrumb\",\"itemListElement\":[{\"@type\":\"ListItem\",\"position\":1,\"name\":\"Home\",\"item\":\"https:\/\/becsingatlan.com\/pages\/\"},{\"@type\":\"ListItem\",\"position\":2,\"name\":\"Bemutatkozik az 1. ker\u00fclet\"}]},{\"@type\":\"WebSite\",\"@id\":\"https:\/\/becsingatlan.com\/pages\/#website\",\"url\":\"https:\/\/becsingatlan.com\/pages\/\",\"name\":\"B\u00e9csi Ingatlanok\",\"description\":\"\",\"potentialAction\":[{\"@type\":\"SearchAction\",\"target\":{\"@type\":\"EntryPoint\",\"urlTemplate\":\"https:\/\/becsingatlan.com\/pages\/?s={search_term_string}\"},\"query-input\":{\"@type\":\"PropertyValueSpecification\",\"valueRequired\":true,\"valueName\":\"search_term_string\"}}],\"inLanguage\":\"en-US\"},{\"@type\":\"Person\",\"@id\":\"https:\/\/becsingatlan.com\/pages\/#\/schema\/person\/1731478b0ce667ef0f89dd249bad44d2\",\"name\":\"Zoltan Nagy\",\"image\":{\"@type\":\"ImageObject\",\"inLanguage\":\"en-US\",\"@id\":\"https:\/\/becsingatlan.com\/pages\/#\/schema\/person\/image\/\",\"url\":\"https:\/\/secure.gravatar.com\/avatar\/1600d03194e3298bd5da77a5123420a195925fb0e25be9a8ea962e15f6d0a4f2?s=96&d=mm&r=g\",\"contentUrl\":\"https:\/\/secure.gravatar.com\/avatar\/1600d03194e3298bd5da77a5123420a195925fb0e25be9a8ea962e15f6d0a4f2?s=96&d=mm&r=g\",\"caption\":\"Zoltan Nagy\"},\"sameAs\":[\"http:\/\/becsingatlan.com\"],\"url\":\"https:\/\/becsingatlan.com\/pages\/author\/zoltan-nagy\/\"}]}<\/script>\n<!-- \/ Yoast SEO plugin. -->","yoast_head_json":{"title":"Bemutatkozik az 1. ker\u00fclet - B\u00e9csi Ingatlanok","robots":{"index":"index","follow":"follow","max-snippet":"max-snippet:-1","max-image-preview":"max-image-preview:large","max-video-preview":"max-video-preview:-1"},"canonical":"https:\/\/becsingatlan.com\/pages\/bemutatkozik-az-1-kerulet\/","og_locale":"en_US","og_type":"article","og_title":"Bemutatkozik az 1. ker\u00fclet - B\u00e9csi Ingatlanok","og_description":"1. Innere Stadt B\u00e9cs 1.\u00a0ker\u00fclet\u00e9t val\u00f3sz\u00edn\u0171leg senkinek sem kell bemutatni. A Belv\u00e1ros (Innere Stadt) a b\u00e9csi kult\u00fara sz\u00ednpada: itt tal\u00e1lhat\u00f3 az \u00c1llami Operah\u00e1z, a Burgtheater, az Albertina, a M\u0171v\u00e9szett\u00f6rt\u00e9neti M\u00fazeum, a Term\u00e9szettudom\u00e1nyi M\u00fazeum, a Vil\u00e1gm\u00fazeum, valamint\u00a0m\u00e9g sz\u00e1mos m\u00e1s sz\u00ednh\u00e1z,\u00a0m\u00fazeum \u00e9s gal\u00e9ria is. T\u00f6bb kult\u00fara ilyen kis ter\u00fcleten tal\u00e1n nem is f\u00e9rne el. Ugyanez igaz az [&hellip;]","og_url":"https:\/\/becsingatlan.com\/pages\/bemutatkozik-az-1-kerulet\/","og_site_name":"B\u00e9csi Ingatlanok","article_publisher":"https:\/\/www.facebook.com\/becsingatlanok\/","article_published_time":"2021-12-20T15:05:42+00:00","article_modified_time":"2021-12-20T15:09:38+00:00","og_image":[{"url":"https:\/\/becsingatlan.com\/pages\/wp-content\/uploads\/2021\/12\/grabenunsplash-1024x768.jpg","type":"","width":"","height":""}],"author":"Zoltan Nagy","twitter_card":"summary_large_image","twitter_misc":{"Written by":"Zoltan Nagy","Est. reading time":"3 minutes"},"schema":{"@context":"https:\/\/schema.org","@graph":[{"@type":"WebPage","@id":"https:\/\/becsingatlan.com\/pages\/bemutatkozik-az-1-kerulet\/","url":"https:\/\/becsingatlan.com\/pages\/bemutatkozik-az-1-kerulet\/","name":"Bemutatkozik az 1. ker\u00fclet - B\u00e9csi Ingatlanok","isPartOf":{"@id":"https:\/\/becsingatlan.com\/pages\/#website"},"primaryImageOfPage":{"@id":"https:\/\/becsingatlan.com\/pages\/bemutatkozik-az-1-kerulet\/#primaryimage"},"image":{"@id":"https:\/\/becsingatlan.com\/pages\/bemutatkozik-az-1-kerulet\/#primaryimage"},"thumbnailUrl":"https:\/\/becsingatlan.com\/pages\/wp-content\/uploads\/2021\/12\/grabenunsplash-1024x768.jpg","datePublished":"2021-12-20T15:05:42+00:00","dateModified":"2021-12-20T15:09:38+00:00","author":{"@id":"https:\/\/becsingatlan.com\/pages\/#\/schema\/person\/1731478b0ce667ef0f89dd249bad44d2"},"breadcrumb":{"@id":"https:\/\/becsingatlan.com\/pages\/bemutatkozik-az-1-kerulet\/#breadcrumb"},"inLanguage":"en-US","potentialAction":[{"@type":"ReadAction","target":["https:\/\/becsingatlan.com\/pages\/bemutatkozik-az-1-kerulet\/"]}]},{"@type":"ImageObject","inLanguage":"en-US","@id":"https:\/\/becsingatlan.com\/pages\/bemutatkozik-az-1-kerulet\/#primaryimage","url":"https:\/\/becsingatlan.com\/pages\/wp-content\/uploads\/2021\/12\/grabenunsplash.jpg","contentUrl":"https:\/\/becsingatlan.com\/pages\/wp-content\/uploads\/2021\/12\/grabenunsplash.jpg","width":1200,"height":900},{"@type":"BreadcrumbList","@id":"https:\/\/becsingatlan.com\/pages\/bemutatkozik-az-1-kerulet\/#breadcrumb","itemListElement":[{"@type":"ListItem","position":1,"name":"Home","item":"https:\/\/becsingatlan.com\/pages\/"},{"@type":"ListItem","position":2,"name":"Bemutatkozik az 1. ker\u00fclet"}]},{"@type":"WebSite","@id":"https:\/\/becsingatlan.com\/pages\/#website","url":"https:\/\/becsingatlan.com\/pages\/","name":"B\u00e9csi Ingatlanok","description":"","potentialAction":[{"@type":"SearchAction","target":{"@type":"EntryPoint","urlTemplate":"https:\/\/becsingatlan.com\/pages\/?s={search_term_string}"},"query-input":{"@type":"PropertyValueSpecification","valueRequired":true,"valueName":"search_term_string"}}],"inLanguage":"en-US"},{"@type":"Person","@id":"https:\/\/becsingatlan.com\/pages\/#\/schema\/person\/1731478b0ce667ef0f89dd249bad44d2","name":"Zoltan Nagy","image":{"@type":"ImageObject","inLanguage":"en-US","@id":"https:\/\/becsingatlan.com\/pages\/#\/schema\/person\/image\/","url":"https:\/\/secure.gravatar.com\/avatar\/1600d03194e3298bd5da77a5123420a195925fb0e25be9a8ea962e15f6d0a4f2?s=96&d=mm&r=g","contentUrl":"https:\/\/secure.gravatar.com\/avatar\/1600d03194e3298bd5da77a5123420a195925fb0e25be9a8ea962e15f6d0a4f2?s=96&d=mm&r=g","caption":"Zoltan Nagy"},"sameAs":["http:\/\/becsingatlan.com"],"url":"https:\/\/becsingatlan.com\/pages\/author\/zoltan-nagy\/"}]}},"_links":{"self":[{"href":"https:\/\/becsingatlan.com\/pages\/wp-json\/wp\/v2\/posts\/615","targetHints":{"allow":["GET"]}}],"collection":[{"href":"https:\/\/becsingatlan.com\/pages\/wp-json\/wp\/v2\/posts"}],"about":[{"href":"https:\/\/becsingatlan.com\/pages\/wp-json\/wp\/v2\/types\/post"}],"author":[{"embeddable":true,"href":"https:\/\/becsingatlan.com\/pages\/wp-json\/wp\/v2\/users\/2"}],"replies":[{"embeddable":true,"href":"https:\/\/becsingatlan.com\/pages\/wp-json\/wp\/v2\/comments?post=615"}],"version-history":[{"count":3,"href":"https:\/\/becsingatlan.com\/pages\/wp-json\/wp\/v2\/posts\/615\/revisions"}],"predecessor-version":[{"id":623,"href":"https:\/\/becsingatlan.com\/pages\/wp-json\/wp\/v2\/posts\/615\/revisions\/623"}],"wp:attachment":[{"href":"https:\/\/becsingatlan.com\/pages\/wp-json\/wp\/v2\/media?parent=615"}],"wp:term":[{"taxonomy":"category","embeddable":true,"href":"https:\/\/becsingatlan.com\/pages\/wp-json\/wp\/v2\/categories?post=615"},{"taxonomy":"post_tag","embeddable":true,"href":"https:\/\/becsingatlan.com\/pages\/wp-json\/wp\/v2\/tags?post=615"}],"curies":[{"name":"wp","href":"https:\/\/api.w.org\/{rel}","templated":true}]}}