{"id":679,"date":"2022-03-04T09:47:19","date_gmt":"2022-03-04T08:47:19","guid":{"rendered":"https:\/\/becsingatlan.com\/pages\/?p=679"},"modified":"2022-03-04T10:22:10","modified_gmt":"2022-03-04T09:22:10","slug":"bemutatkozik-a-4-kerulet","status":"publish","type":"post","link":"https:\/\/becsingatlan.com\/pages\/bemutatkozik-a-4-kerulet\/","title":{"rendered":"Bemutatkozik a 4. ker\u00fclet"},"content":{"rendered":"<p><strong>4. Wieden<\/strong><\/p>\n<p>A Naschmarkt \u00e9s a Belvedere, valamint a Karlsplatz \u00e9s a F\u0151p\u00e1lyaudvar k\u00f6z\u00f6tt elter\u00fcl\u0151 4. ker\u00fclet B\u00e9cs egyik legkisebb, m\u00e9gis prominens ker\u00fclete. A s\u0171r\u0171n be\u00e9p\u00edtett ker\u00fcletben nagyon alacsony a z\u00f6ldfel\u00fcletek ar\u00e1nya,&nbsp;ennek ellen\u00e9re is Wieden az osztr\u00e1k f\u0151v\u00e1ros egyik legkeresettebb \u00e9s legel\u0151kel\u0151bb ker\u00fclete, amely belv\u00e1rosi fekv\u00e9s\u00e9nek, a rengeteg kultur\u00e1lis int\u00e9zm\u00e9nynek&nbsp;\u00e9s j\u00f3 \u00e9tteremnek k\u00f6sz\u00f6nhet\u0151.<\/p>\n\n\n<div class=\"wp-block-image\"><figure class=\"aligncenter size-large\"><img fetchpriority=\"high\" decoding=\"async\" width=\"1024\" height=\"767\" src=\"https:\/\/becsingatlan.com\/pages\/wp-content\/uploads\/2022\/03\/ubahn-1024x767.jpg\" alt=\"\" class=\"wp-image-685\" srcset=\"https:\/\/becsingatlan.com\/pages\/wp-content\/uploads\/2022\/03\/ubahn-1024x767.jpg 1024w, https:\/\/becsingatlan.com\/pages\/wp-content\/uploads\/2022\/03\/ubahn-300x225.jpg 300w, https:\/\/becsingatlan.com\/pages\/wp-content\/uploads\/2022\/03\/ubahn-768x575.jpg 768w, https:\/\/becsingatlan.com\/pages\/wp-content\/uploads\/2022\/03\/ubahn.jpg 1200w\" sizes=\"(max-width: 1024px) 100vw, 1024px\" \/><figcaption>A Karlsplatz metr\u00f3meg\u00e1ll\u00f3 Otto-Wagner-pavilonja<br>Fot\u00f3: Pixabay<\/figcaption><\/figure><\/div>\n\n\n\n<p><strong>Lak\u00e1spiac<\/strong><br><br>Az \u00e1tlagos \u00f6r\u00f6klak\u00e1s n\u00e9gyetm\u00e9ter\u00e1rak tekintet\u00e9ben a 4. ker\u00fclet jelenleg B\u00e9cs 4. legdr\u00e1g\u00e1bb ker\u00fclete, m\u00edg a b\u00e9rleti d\u00edjak \u00e1rfekv\u00e9se alapj\u00e1n a 13. legdr\u00e1g\u00e1bb. Jelenleg \u00e1tlagosan 9.434 eur\u00f3t kell fizetni egy itteni \u00f6r\u00f6klak\u00e1s n\u00e9gyzetm\u00e9ter\u00e9\u00e9rt. 2012 \u00f3ta a ker\u00fcleti \u00f6r\u00f6klak\u00e1sok \u00e1rai k\u00f6zel megdupl\u00e1z\u00f3dtak. A b\u00e9rlak\u00e1sok \u00e1tlagos n\u00e9gyzetm\u00e9rer\u00e1ra jelenleg 16,03 eur\u00f3. A b\u00e9rleti d\u00edjak az elm\u00falt \u00e9vekben stabilan 16-17 EUR\/m<sup>2&nbsp;<\/sup>k\u00f6z\u00f6tt alakultak. A b\u00e9rlak\u00e1sok alacsonyabb \u00e1rfekv\u00e9s\u00e9nek oka, hogy a ker\u00fcletben rendk\u00edv\u00fcl sok a r\u00e9gi \u00e9p\u00edt\u00e9s\u0171, nagypolg\u00e1ri t\u00e1rsash\u00e1z, melyek b\u00e9rleti d\u00edjai hat\u00f3s\u00e1gilag szab\u00e1lyozottak.<\/p>\n\n\n\n<div class=\"wp-block-image\"><figure class=\"aligncenter size-large\"><img decoding=\"async\" width=\"582\" height=\"282\" src=\"https:\/\/becsingatlan.com\/pages\/wp-content\/uploads\/2022\/03\/4Wieden.png\" alt=\"\" class=\"wp-image-686\" srcset=\"https:\/\/becsingatlan.com\/pages\/wp-content\/uploads\/2022\/03\/4Wieden.png 582w, https:\/\/becsingatlan.com\/pages\/wp-content\/uploads\/2022\/03\/4Wieden-300x145.png 300w\" sizes=\"(max-width: 582px) 100vw, 582px\" \/><figcaption>Az \u00f6r\u00f6klak\u00e1sok \u00e1tlagos v\u00e9tel\u00e1ra a 4. ker\u00fcletben 2012 \u00f3ta k\u00f6zel megdupl\u00e1z\u00f3dott<br>Forr\u00e1s: immopreise.at<\/figcaption><\/figure><\/div>\n\n\n\n<p>A ker\u00fclet lakoss\u00e1ga mind\u00f6ssze 33.212 f\u0151, ez B\u00e9cs lakoss\u00e1g\u00e1nak csup\u00e1n 1,7%-a. Az \u00faj \u00e9p\u00edt\u00e9s\u0171 lak\u00e1sok sz\u00e1ma itt olyannyira alacsony, hogy 2021-ben mind\u00f6ssze 15 darab \u00faj lak\u00e1st adtak \u00e1t a ker\u00fcletben. A 4. ker\u00fcleti lakosok j\u00f3l\u00e9t\u00e9t mi sem bizony\u00edtja jobban, minthogy az \u00e1tlagos ker\u00fcleti lakos 44m<sup>2<\/sup>-en \u00e9l, ami magasan a b\u00e9csi \u00e1tlag 35&nbsp;m<sup>2<\/sup> felett van. A ker\u00fclet lak\u00f3i k\u00f6z\u00f6tt 67,5% az osztr\u00e1kok ar\u00e1nya, amely valamennyivel a b\u00e9csi \u00e1tlag alatt van. A legt\u00f6bb k\u00fclf\u00f6ldi n\u00e9met sz\u00e1rmaz\u00e1s\u00fa.<\/p>\n\n\n\n<div class=\"wp-block-image\"><figure class=\"aligncenter size-large\"><img decoding=\"async\" width=\"1024\" height=\"683\" src=\"https:\/\/becsingatlan.com\/pages\/wp-content\/uploads\/2022\/03\/karlskirche.jpg\" alt=\"\" class=\"wp-image-687\" srcset=\"https:\/\/becsingatlan.com\/pages\/wp-content\/uploads\/2022\/03\/karlskirche.jpg 1024w, https:\/\/becsingatlan.com\/pages\/wp-content\/uploads\/2022\/03\/karlskirche-300x200.jpg 300w, https:\/\/becsingatlan.com\/pages\/wp-content\/uploads\/2022\/03\/karlskirche-768x512.jpg 768w\" sizes=\"(max-width: 1024px) 100vw, 1024px\" \/><figcaption>A Karlskirche a 4. ker\u00fclet jelk\u00e9pe<br>Fot\u00f3: Shutterstock<\/figcaption><\/figure><\/div>\n\n\n\n<p><strong>Amit nem \u00e9rdemes kihagyni a 4. ker\u00fcletben<\/strong><\/p>\n\n\n\n<p>A ker\u00fclet jelk\u00e9pe, az ausztriai barokk \u00e9p\u00edt\u00e9szet remekm\u0171ve a K\u00e1roly-templom (Karlskirche), amely megannyi st\u00edlust vegy\u00edtve Ausztria egyik legk\u00fcl\u00f6nlegesebb egyh\u00e1zi \u00e9p\u00edtm\u00e9nye. A templom k\u00f6zep\u00e9n \u00e1ll\u00f3 panor\u00e1malifttel k\u00f6zel 33 m\u00e9ter magass\u00e1gig lehet utazni, ahol a kupola egyik ablak\u00e1b\u00f3l egyed\u00fcl\u00e1ll\u00f3 kil\u00e1t\u00e1s ny\u00edlik belv\u00e1rosra, egy&nbsp;platformr\u00f3l pedig k\u00f6zelr\u0151l tekinthet\u0151ek meg a kupola fresk\u00f3i. A ker\u00fclet m\u00e1sik eml\u00edt\u00e9sre m\u00e9lt\u00f3 temploma az Elisabethkirche (Szent Erzs\u00e9bet-templom), amely a ny\u00edlegyenes Argentinierstra\u00dfe k\u00f6zep\u00e9n \u00e1ll egy hangulatos t\u00e9ren.<\/p>\n\n\n\n<div class=\"wp-block-image\"><figure class=\"aligncenter size-large\"><img loading=\"lazy\" decoding=\"async\" width=\"396\" height=\"529\" src=\"https:\/\/becsingatlan.com\/pages\/wp-content\/uploads\/2022\/03\/elisabeth.png\" alt=\"\" class=\"wp-image-688\" srcset=\"https:\/\/becsingatlan.com\/pages\/wp-content\/uploads\/2022\/03\/elisabeth.png 396w, https:\/\/becsingatlan.com\/pages\/wp-content\/uploads\/2022\/03\/elisabeth-225x300.png 225w\" sizes=\"(max-width: 396px) 100vw, 396px\" \/><figcaption>Szent&nbsp;Erzs\u00e9bet-templom<br>Fot\u00f3: Unsplash<\/figcaption><\/figure><\/div>\n\n\n\n<p>A ker\u00fclet \u00e9szaknyugati, a Karlsplatzhoz \u00e9s Naschmarkthoz k\u00f6zeli, Freihausviertel nev\u0171&nbsp;r\u00e9sze tele van jobbn\u00e1l jobb \u00e9ttermekkel \u00e9s k\u00e1v\u00e9z\u00f3kkal. A Schleifm\u00fchlgass\u00e9ban tal\u00e1lhat\u00f3 a&nbsp;Vollpension cukr\u00e1szda, ahol nagymam\u00e1k \u00e9s&nbsp;nagypap\u00e1k s\u00fctnek, valamint szolg\u00e1lnak ki. A k\u00e1v\u00e9z\u00f3 m\u00e1ra alacsony nyugd\u00edj\u00fa id\u0151seket seg\u00edt\u0151 szoci\u00e1lis projektt\u00e9 b\u0151v\u00fclt. Ugyanitt, a Freihaus-negyedben tal\u00e1lhat\u00f3 a Schikaneder, B\u00e9cs egyik legr\u00e9gebbi mozija, valamint sz\u00e1mos m\u00e1s izgalmas \u00e9tterem \u00e9s m\u0171v\u00e9szeti&nbsp;gal\u00e9ria.<br><br><br>Forr\u00e1s: Stadt Wien, Immopreise.at, Otto Immobilien Wohnmarkt Magazin 2021<\/p>\n","protected":false},"excerpt":{"rendered":"<p>4. Wieden A Naschmarkt \u00e9s a Belvedere, valamint a Karlsplatz \u00e9s a F\u0151p\u00e1lyaudvar k\u00f6z\u00f6tt elter\u00fcl\u0151 4. ker\u00fclet B\u00e9cs egyik legkisebb, m\u00e9gis prominens ker\u00fclete. A s\u0171r\u0171n be\u00e9p\u00edtett ker\u00fcletben nagyon alacsony a z\u00f6ldfel\u00fcletek ar\u00e1nya,&nbsp;ennek ellen\u00e9re is Wieden az osztr\u00e1k f\u0151v\u00e1ros egyik legkeresettebb \u00e9s legel\u0151kel\u0151bb ker\u00fclete, amely belv\u00e1rosi fekv\u00e9s\u00e9nek, a rengeteg kultur\u00e1lis int\u00e9zm\u00e9nynek&nbsp;\u00e9s j\u00f3 \u00e9tteremnek k\u00f6sz\u00f6nhet\u0151. Lak\u00e1spiac Az [&hellip;]<\/p>\n","protected":false},"author":2,"featured_media":0,"comment_status":"closed","ping_status":"closed","sticky":false,"template":"","format":"standard","meta":{"inline_featured_image":false,"footnotes":""},"categories":[6],"tags":[],"class_list":["post-679","post","type-post","status-publish","format-standard","hentry","category-becs"],"yoast_head":"<!-- This site is optimized with the Yoast SEO plugin v25.7 - https:\/\/yoast.com\/wordpress\/plugins\/seo\/ -->\n<title>Bemutatkozik a 4. ker\u00fclet - B\u00e9csi Ingatlanok<\/title>\n<meta name=\"robots\" content=\"index, follow, max-snippet:-1, max-image-preview:large, max-video-preview:-1\" \/>\n<link rel=\"canonical\" href=\"https:\/\/becsingatlan.com\/pages\/bemutatkozik-a-4-kerulet\/\" \/>\n<meta property=\"og:locale\" content=\"en_US\" \/>\n<meta property=\"og:type\" content=\"article\" \/>\n<meta property=\"og:title\" content=\"Bemutatkozik a 4. ker\u00fclet - B\u00e9csi Ingatlanok\" \/>\n<meta property=\"og:description\" content=\"4. Wieden A Naschmarkt \u00e9s a Belvedere, valamint a Karlsplatz \u00e9s a F\u0151p\u00e1lyaudvar k\u00f6z\u00f6tt elter\u00fcl\u0151 4. ker\u00fclet B\u00e9cs egyik legkisebb, m\u00e9gis prominens ker\u00fclete. A s\u0171r\u0171n be\u00e9p\u00edtett ker\u00fcletben nagyon alacsony a z\u00f6ldfel\u00fcletek ar\u00e1nya,&nbsp;ennek ellen\u00e9re is Wieden az osztr\u00e1k f\u0151v\u00e1ros egyik legkeresettebb \u00e9s legel\u0151kel\u0151bb ker\u00fclete, amely belv\u00e1rosi fekv\u00e9s\u00e9nek, a rengeteg kultur\u00e1lis int\u00e9zm\u00e9nynek&nbsp;\u00e9s j\u00f3 \u00e9tteremnek k\u00f6sz\u00f6nhet\u0151. Lak\u00e1spiac Az [&hellip;]\" \/>\n<meta property=\"og:url\" content=\"https:\/\/becsingatlan.com\/pages\/bemutatkozik-a-4-kerulet\/\" \/>\n<meta property=\"og:site_name\" content=\"B\u00e9csi Ingatlanok\" \/>\n<meta property=\"article:publisher\" content=\"https:\/\/www.facebook.com\/becsingatlanok\/\" \/>\n<meta property=\"article:published_time\" content=\"2022-03-04T08:47:19+00:00\" \/>\n<meta property=\"article:modified_time\" content=\"2022-03-04T09:22:10+00:00\" \/>\n<meta property=\"og:image\" content=\"https:\/\/becsingatlan.com\/pages\/wp-content\/uploads\/2022\/03\/ubahn-1024x767.jpg\" \/>\n<meta name=\"author\" content=\"Zoltan Nagy\" \/>\n<meta name=\"twitter:card\" content=\"summary_large_image\" \/>\n<meta name=\"twitter:label1\" content=\"Written by\" \/>\n\t<meta name=\"twitter:data1\" content=\"Zoltan Nagy\" \/>\n\t<meta name=\"twitter:label2\" content=\"Est. reading time\" \/>\n\t<meta name=\"twitter:data2\" content=\"3 minutes\" \/>\n<script type=\"application\/ld+json\" class=\"yoast-schema-graph\">{\"@context\":\"https:\/\/schema.org\",\"@graph\":[{\"@type\":\"WebPage\",\"@id\":\"https:\/\/becsingatlan.com\/pages\/bemutatkozik-a-4-kerulet\/\",\"url\":\"https:\/\/becsingatlan.com\/pages\/bemutatkozik-a-4-kerulet\/\",\"name\":\"Bemutatkozik a 4. ker\u00fclet - B\u00e9csi Ingatlanok\",\"isPartOf\":{\"@id\":\"https:\/\/becsingatlan.com\/pages\/#website\"},\"primaryImageOfPage\":{\"@id\":\"https:\/\/becsingatlan.com\/pages\/bemutatkozik-a-4-kerulet\/#primaryimage\"},\"image\":{\"@id\":\"https:\/\/becsingatlan.com\/pages\/bemutatkozik-a-4-kerulet\/#primaryimage\"},\"thumbnailUrl\":\"https:\/\/becsingatlan.com\/pages\/wp-content\/uploads\/2022\/03\/ubahn-1024x767.jpg\",\"datePublished\":\"2022-03-04T08:47:19+00:00\",\"dateModified\":\"2022-03-04T09:22:10+00:00\",\"author\":{\"@id\":\"https:\/\/becsingatlan.com\/pages\/#\/schema\/person\/1731478b0ce667ef0f89dd249bad44d2\"},\"breadcrumb\":{\"@id\":\"https:\/\/becsingatlan.com\/pages\/bemutatkozik-a-4-kerulet\/#breadcrumb\"},\"inLanguage\":\"en-US\",\"potentialAction\":[{\"@type\":\"ReadAction\",\"target\":[\"https:\/\/becsingatlan.com\/pages\/bemutatkozik-a-4-kerulet\/\"]}]},{\"@type\":\"ImageObject\",\"inLanguage\":\"en-US\",\"@id\":\"https:\/\/becsingatlan.com\/pages\/bemutatkozik-a-4-kerulet\/#primaryimage\",\"url\":\"https:\/\/becsingatlan.com\/pages\/wp-content\/uploads\/2022\/03\/ubahn.jpg\",\"contentUrl\":\"https:\/\/becsingatlan.com\/pages\/wp-content\/uploads\/2022\/03\/ubahn.jpg\",\"width\":1200,\"height\":899},{\"@type\":\"BreadcrumbList\",\"@id\":\"https:\/\/becsingatlan.com\/pages\/bemutatkozik-a-4-kerulet\/#breadcrumb\",\"itemListElement\":[{\"@type\":\"ListItem\",\"position\":1,\"name\":\"Home\",\"item\":\"https:\/\/becsingatlan.com\/pages\/\"},{\"@type\":\"ListItem\",\"position\":2,\"name\":\"Bemutatkozik a 4. ker\u00fclet\"}]},{\"@type\":\"WebSite\",\"@id\":\"https:\/\/becsingatlan.com\/pages\/#website\",\"url\":\"https:\/\/becsingatlan.com\/pages\/\",\"name\":\"B\u00e9csi Ingatlanok\",\"description\":\"\",\"potentialAction\":[{\"@type\":\"SearchAction\",\"target\":{\"@type\":\"EntryPoint\",\"urlTemplate\":\"https:\/\/becsingatlan.com\/pages\/?s={search_term_string}\"},\"query-input\":{\"@type\":\"PropertyValueSpecification\",\"valueRequired\":true,\"valueName\":\"search_term_string\"}}],\"inLanguage\":\"en-US\"},{\"@type\":\"Person\",\"@id\":\"https:\/\/becsingatlan.com\/pages\/#\/schema\/person\/1731478b0ce667ef0f89dd249bad44d2\",\"name\":\"Zoltan Nagy\",\"image\":{\"@type\":\"ImageObject\",\"inLanguage\":\"en-US\",\"@id\":\"https:\/\/becsingatlan.com\/pages\/#\/schema\/person\/image\/\",\"url\":\"https:\/\/secure.gravatar.com\/avatar\/1600d03194e3298bd5da77a5123420a195925fb0e25be9a8ea962e15f6d0a4f2?s=96&d=mm&r=g\",\"contentUrl\":\"https:\/\/secure.gravatar.com\/avatar\/1600d03194e3298bd5da77a5123420a195925fb0e25be9a8ea962e15f6d0a4f2?s=96&d=mm&r=g\",\"caption\":\"Zoltan Nagy\"},\"sameAs\":[\"http:\/\/becsingatlan.com\"],\"url\":\"https:\/\/becsingatlan.com\/pages\/author\/zoltan-nagy\/\"}]}<\/script>\n<!-- \/ Yoast SEO plugin. -->","yoast_head_json":{"title":"Bemutatkozik a 4. ker\u00fclet - B\u00e9csi Ingatlanok","robots":{"index":"index","follow":"follow","max-snippet":"max-snippet:-1","max-image-preview":"max-image-preview:large","max-video-preview":"max-video-preview:-1"},"canonical":"https:\/\/becsingatlan.com\/pages\/bemutatkozik-a-4-kerulet\/","og_locale":"en_US","og_type":"article","og_title":"Bemutatkozik a 4. ker\u00fclet - B\u00e9csi Ingatlanok","og_description":"4. Wieden A Naschmarkt \u00e9s a Belvedere, valamint a Karlsplatz \u00e9s a F\u0151p\u00e1lyaudvar k\u00f6z\u00f6tt elter\u00fcl\u0151 4. ker\u00fclet B\u00e9cs egyik legkisebb, m\u00e9gis prominens ker\u00fclete. A s\u0171r\u0171n be\u00e9p\u00edtett ker\u00fcletben nagyon alacsony a z\u00f6ldfel\u00fcletek ar\u00e1nya,&nbsp;ennek ellen\u00e9re is Wieden az osztr\u00e1k f\u0151v\u00e1ros egyik legkeresettebb \u00e9s legel\u0151kel\u0151bb ker\u00fclete, amely belv\u00e1rosi fekv\u00e9s\u00e9nek, a rengeteg kultur\u00e1lis int\u00e9zm\u00e9nynek&nbsp;\u00e9s j\u00f3 \u00e9tteremnek k\u00f6sz\u00f6nhet\u0151. Lak\u00e1spiac Az [&hellip;]","og_url":"https:\/\/becsingatlan.com\/pages\/bemutatkozik-a-4-kerulet\/","og_site_name":"B\u00e9csi Ingatlanok","article_publisher":"https:\/\/www.facebook.com\/becsingatlanok\/","article_published_time":"2022-03-04T08:47:19+00:00","article_modified_time":"2022-03-04T09:22:10+00:00","og_image":[{"url":"https:\/\/becsingatlan.com\/pages\/wp-content\/uploads\/2022\/03\/ubahn-1024x767.jpg","type":"","width":"","height":""}],"author":"Zoltan Nagy","twitter_card":"summary_large_image","twitter_misc":{"Written by":"Zoltan Nagy","Est. reading time":"3 minutes"},"schema":{"@context":"https:\/\/schema.org","@graph":[{"@type":"WebPage","@id":"https:\/\/becsingatlan.com\/pages\/bemutatkozik-a-4-kerulet\/","url":"https:\/\/becsingatlan.com\/pages\/bemutatkozik-a-4-kerulet\/","name":"Bemutatkozik a 4. ker\u00fclet - B\u00e9csi Ingatlanok","isPartOf":{"@id":"https:\/\/becsingatlan.com\/pages\/#website"},"primaryImageOfPage":{"@id":"https:\/\/becsingatlan.com\/pages\/bemutatkozik-a-4-kerulet\/#primaryimage"},"image":{"@id":"https:\/\/becsingatlan.com\/pages\/bemutatkozik-a-4-kerulet\/#primaryimage"},"thumbnailUrl":"https:\/\/becsingatlan.com\/pages\/wp-content\/uploads\/2022\/03\/ubahn-1024x767.jpg","datePublished":"2022-03-04T08:47:19+00:00","dateModified":"2022-03-04T09:22:10+00:00","author":{"@id":"https:\/\/becsingatlan.com\/pages\/#\/schema\/person\/1731478b0ce667ef0f89dd249bad44d2"},"breadcrumb":{"@id":"https:\/\/becsingatlan.com\/pages\/bemutatkozik-a-4-kerulet\/#breadcrumb"},"inLanguage":"en-US","potentialAction":[{"@type":"ReadAction","target":["https:\/\/becsingatlan.com\/pages\/bemutatkozik-a-4-kerulet\/"]}]},{"@type":"ImageObject","inLanguage":"en-US","@id":"https:\/\/becsingatlan.com\/pages\/bemutatkozik-a-4-kerulet\/#primaryimage","url":"https:\/\/becsingatlan.com\/pages\/wp-content\/uploads\/2022\/03\/ubahn.jpg","contentUrl":"https:\/\/becsingatlan.com\/pages\/wp-content\/uploads\/2022\/03\/ubahn.jpg","width":1200,"height":899},{"@type":"BreadcrumbList","@id":"https:\/\/becsingatlan.com\/pages\/bemutatkozik-a-4-kerulet\/#breadcrumb","itemListElement":[{"@type":"ListItem","position":1,"name":"Home","item":"https:\/\/becsingatlan.com\/pages\/"},{"@type":"ListItem","position":2,"name":"Bemutatkozik a 4. ker\u00fclet"}]},{"@type":"WebSite","@id":"https:\/\/becsingatlan.com\/pages\/#website","url":"https:\/\/becsingatlan.com\/pages\/","name":"B\u00e9csi Ingatlanok","description":"","potentialAction":[{"@type":"SearchAction","target":{"@type":"EntryPoint","urlTemplate":"https:\/\/becsingatlan.com\/pages\/?s={search_term_string}"},"query-input":{"@type":"PropertyValueSpecification","valueRequired":true,"valueName":"search_term_string"}}],"inLanguage":"en-US"},{"@type":"Person","@id":"https:\/\/becsingatlan.com\/pages\/#\/schema\/person\/1731478b0ce667ef0f89dd249bad44d2","name":"Zoltan Nagy","image":{"@type":"ImageObject","inLanguage":"en-US","@id":"https:\/\/becsingatlan.com\/pages\/#\/schema\/person\/image\/","url":"https:\/\/secure.gravatar.com\/avatar\/1600d03194e3298bd5da77a5123420a195925fb0e25be9a8ea962e15f6d0a4f2?s=96&d=mm&r=g","contentUrl":"https:\/\/secure.gravatar.com\/avatar\/1600d03194e3298bd5da77a5123420a195925fb0e25be9a8ea962e15f6d0a4f2?s=96&d=mm&r=g","caption":"Zoltan Nagy"},"sameAs":["http:\/\/becsingatlan.com"],"url":"https:\/\/becsingatlan.com\/pages\/author\/zoltan-nagy\/"}]}},"_links":{"self":[{"href":"https:\/\/becsingatlan.com\/pages\/wp-json\/wp\/v2\/posts\/679","targetHints":{"allow":["GET"]}}],"collection":[{"href":"https:\/\/becsingatlan.com\/pages\/wp-json\/wp\/v2\/posts"}],"about":[{"href":"https:\/\/becsingatlan.com\/pages\/wp-json\/wp\/v2\/types\/post"}],"author":[{"embeddable":true,"href":"https:\/\/becsingatlan.com\/pages\/wp-json\/wp\/v2\/users\/2"}],"replies":[{"embeddable":true,"href":"https:\/\/becsingatlan.com\/pages\/wp-json\/wp\/v2\/comments?post=679"}],"version-history":[{"count":3,"href":"https:\/\/becsingatlan.com\/pages\/wp-json\/wp\/v2\/posts\/679\/revisions"}],"predecessor-version":[{"id":700,"href":"https:\/\/becsingatlan.com\/pages\/wp-json\/wp\/v2\/posts\/679\/revisions\/700"}],"wp:attachment":[{"href":"https:\/\/becsingatlan.com\/pages\/wp-json\/wp\/v2\/media?parent=679"}],"wp:term":[{"taxonomy":"category","embeddable":true,"href":"https:\/\/becsingatlan.com\/pages\/wp-json\/wp\/v2\/categories?post=679"},{"taxonomy":"post_tag","embeddable":true,"href":"https:\/\/becsingatlan.com\/pages\/wp-json\/wp\/v2\/tags?post=679"}],"curies":[{"name":"wp","href":"https:\/\/api.w.org\/{rel}","templated":true}]}}