{"id":690,"date":"2022-03-04T10:12:18","date_gmt":"2022-03-04T09:12:18","guid":{"rendered":"https:\/\/becsingatlan.com\/pages\/?p=690"},"modified":"2022-03-04T10:16:08","modified_gmt":"2022-03-04T09:16:08","slug":"bemutatkozik-az-5-kerulet","status":"publish","type":"post","link":"https:\/\/becsingatlan.com\/pages\/bemutatkozik-az-5-kerulet\/","title":{"rendered":"Bemutatkozik az 5. ker\u00fclet"},"content":{"rendered":"\n<p><strong>5. Margareten<\/strong><\/p>\n\n\n\n<p>Az 5. ker\u00fclet a bels\u0151 ker\u00fcletek k\u00f6z\u00f6tt friss\u00edt\u0151en laza hangul\u00e1val h\u00edvja fel mag\u00e1ra a figyelmet. A k\u00f6rny\u00e9k mindig is vonzotta a m\u0171v\u00e9szeket, itt \u00e9lt \u00e9s alkotott p\u00e9ld\u00e1ul Falco, a 80-as \u00e9vek legend\u00e1s popikonja. Napjainkban t\u00f6bbnyire di\u00e1kok \u00e9s start-up v\u00e1llakoz\u00e1sok \u00e9l\u00e9nk\u00edtik a kor\u00e1bbi munk\u00e1snegyedet a Naschmarkt \u00e9s a Margaretenplatz k\u00f6r\u00fcl.<\/p>\n\n\n\n<p><strong>Lak\u00e1spiac<\/strong><\/p>\n\n\n\n<p>Jelenleg \u00e1tlagosan 5.992 eur\u00f3t kell fizetni egy itteni \u00f6r\u00f6klak\u00e1s n\u00e9gyzetm\u00e9ter\u00e9\u00e9rt, \u00edgy az 5. ker\u00fclet a megfizethet\u0151 belv\u00e1rosi ker\u00fcletek k\u00f6z\u00e9 tartozik. A ker\u00fclet a 15. legdr\u00e1g\u00e1bb ker\u00fcletnek sz\u00e1m\u00edt B\u00e9csben. A hossz\u00fat\u00e1v\u00fa \u00e9rt\u00e9kn\u00f6veked\u00e9st n\u00e9zve az \u00e1rak stabil n\u00f6veked\u00e9st mutatnak 2012 \u00f3ta. B\u00e9rlak\u00e1sok tekintet\u00e9ben az \u00e1tlagos n\u00e9gyzetm\u00e9ter\u00e1ra jelenleg 15,20 EUR\/m<sup>2<\/sup>. Ezzel az \u00e1rral az 5. ker\u00fcleti b\u00e9rlak\u00e1sok a legolcs\u00f3bbak k\u00f6z\u00e9 tartoznak B\u00e9csben. A b\u00e9rlak\u00e1sok alacsonyabb \u00e1rfekv\u00e9s\u00e9nek egyik oka, hogy a ker\u00fcletben rendk\u00edv\u00fcl sok a r\u00e9gi \u00e9p\u00edt\u00e9s\u0171, nagypolg\u00e1ri t\u00e1rsash\u00e1z, melyek b\u00e9rleti d\u00edjai hat\u00f3s\u00e1gilag szab\u00e1lyozottak.<\/p>\n\n\n\n<div class=\"wp-block-image\"><figure class=\"aligncenter size-large is-resized\"><img fetchpriority=\"high\" decoding=\"async\" src=\"https:\/\/becsingatlan.com\/pages\/wp-content\/uploads\/2022\/03\/Immopreise-1.jpg\" alt=\"\" class=\"wp-image-691\" width=\"580\" height=\"350\" srcset=\"https:\/\/becsingatlan.com\/pages\/wp-content\/uploads\/2022\/03\/Immopreise-1.jpg 706w, https:\/\/becsingatlan.com\/pages\/wp-content\/uploads\/2022\/03\/Immopreise-1-300x181.jpg 300w\" sizes=\"(max-width: 580px) 100vw, 580px\" \/><figcaption>Az \u00f6r\u00f6klak\u00e1sok \u00e1tlagos v\u00e9tel\u00e1ra a 5. ker\u00fcletben 2012 \u00f3ta k\u00f6zel megdupl\u00e1z\u00f3dott<br>Forr\u00e1s: immopreise.at<\/figcaption><\/figure><\/div>\n\n\n\n<p>A ker\u00fclet lakoss\u00e1ga az elm\u00falt 10 \u00e9v alatt 5,3%-al n\u00f6vekedett, jelenleg 55.000 ember lakik Margaretenben, amely 2,9%-a a v\u00e1ros teljes lakoss\u00e1g\u00e1nak. A ker\u00fcleti ingatlanok 43%-a b\u00e9rlak\u00e1sk\u00e9nt szolg\u00e1l, nagyon kedvelt k\u00f6rny\u00e9k a di\u00e1kok k\u00f6r\u00e9ben, hiszen t\u00f6bb mint 5.000 di\u00e1k, f\u0151k\u00e9nt egyetemist\u00e1k laknak ebben a ker\u00fcletben.<\/p>\n\n\n\n<div class=\"wp-block-image\"><figure class=\"aligncenter size-large is-resized\"><img decoding=\"async\" src=\"https:\/\/becsingatlan.com\/pages\/wp-content\/uploads\/2022\/03\/aneta-pawlik-YA0Oteq0JTg-unsplash-683x1024.jpg\" alt=\"\" class=\"wp-image-680\" width=\"580\" height=\"869\" srcset=\"https:\/\/becsingatlan.com\/pages\/wp-content\/uploads\/2022\/03\/aneta-pawlik-YA0Oteq0JTg-unsplash-683x1024.jpg 683w, https:\/\/becsingatlan.com\/pages\/wp-content\/uploads\/2022\/03\/aneta-pawlik-YA0Oteq0JTg-unsplash-200x300.jpg 200w, https:\/\/becsingatlan.com\/pages\/wp-content\/uploads\/2022\/03\/aneta-pawlik-YA0Oteq0JTg-unsplash-768x1152.jpg 768w, https:\/\/becsingatlan.com\/pages\/wp-content\/uploads\/2022\/03\/aneta-pawlik-YA0Oteq0JTg-unsplash-1024x1536.jpg 1024w, https:\/\/becsingatlan.com\/pages\/wp-content\/uploads\/2022\/03\/aneta-pawlik-YA0Oteq0JTg-unsplash-1365x2048.jpg 1365w, https:\/\/becsingatlan.com\/pages\/wp-content\/uploads\/2022\/03\/aneta-pawlik-YA0Oteq0JTg-unsplash-scaled.jpg 1707w\" sizes=\"(max-width: 580px) 100vw, 580px\" \/><figcaption>A Margaretenhof r\u00e9szlete<br>Fot\u00f3: Unsplash<\/figcaption><\/figure><\/div>\n\n\n\n<p><strong>Amit nem \u00e9rdemes kihagyni az 5. ker\u00fcletben<\/strong><\/p>\n\n\n\n<p>Kis m\u00e9rete ellen\u00e9re k\u00e9nyelmes \u00e9s otthonos hangulatot ny\u00fajt a Budapest Bistro, mely nagy utcafront\u00fa ablakaival v\u00e1rja vend\u00e9geit egy finom k\u00e1v\u00e9ra vagy s\u00fctem\u00e9nyre a kedvelt Pilgramgass\u00e9n. A bisztr\u00f3 Budapest k\u00f6nnyed hangulat\u00e1t hozza el B\u00e9csbe magyaros finoms\u00e1gokkal f\u0171szerezve. A magyar tulajdonosok, L\u00edvia \u00e9s P\u00e9ter, saj\u00e1t maguk \u00e1llnak a pult m\u00f6g\u00f6tt \u00e9s v\u00e1rj\u00e1k vend\u00e9geiket ak\u00e1r egy gyors k\u00e1v\u00e9ra vagy egy laktat\u00f3 reggelire.<br><br>A Budapest Bistrot\u00f3l a Pilgramgass\u00e9n lefel\u00e9 haladva a ker\u00fclet f\u0151ter\u00e9re, a Margaretenplatzra \u00e9rkez\u00fcnk. Itt tal\u00e1lhat\u00f3 a Margaretenhof, B\u00e9cs egyik legszebb b\u00e9rh\u00e1za, valamint a Schlossquadrat (Kast\u00e9lynegyed), egy a 14. sz\u00e1zadig visszany\u00fal\u00f3 t\u00f6rt\u00e9nelmi \u00e9p\u00fcletkomplexum, ahol egykori iparosok \u00e9s keresked\u0151k \u00fczletei hely\u00e9n, ma els\u0151sorban felkapott \u00e9ttermek m\u0171k\u00f6dnek.<\/p>\n\n\n\n<div class=\"wp-block-image\"><figure class=\"aligncenter size-large\"><img decoding=\"async\" width=\"1024\" height=\"768\" src=\"https:\/\/becsingatlan.com\/pages\/wp-content\/uploads\/2022\/03\/Budapest-Bistro-Wien-04-scaled-2-1024x768.jpg\" alt=\"\" class=\"wp-image-692\" srcset=\"https:\/\/becsingatlan.com\/pages\/wp-content\/uploads\/2022\/03\/Budapest-Bistro-Wien-04-scaled-2-1024x768.jpg 1024w, https:\/\/becsingatlan.com\/pages\/wp-content\/uploads\/2022\/03\/Budapest-Bistro-Wien-04-scaled-2-300x225.jpg 300w, https:\/\/becsingatlan.com\/pages\/wp-content\/uploads\/2022\/03\/Budapest-Bistro-Wien-04-scaled-2-768x576.jpg 768w, https:\/\/becsingatlan.com\/pages\/wp-content\/uploads\/2022\/03\/Budapest-Bistro-Wien-04-scaled-2-1536x1152.jpg 1536w, https:\/\/becsingatlan.com\/pages\/wp-content\/uploads\/2022\/03\/Budapest-Bistro-Wien-04-scaled-2-2048x1536.jpg 2048w\" sizes=\"(max-width: 1024px) 100vw, 1024px\" \/><figcaption>Budapest Bistro a Pilgramgass\u00e9n<br>Fot\u00f3: \u00a9 Budapest Bistro<\/figcaption><\/figure><\/div>\n\n\n\n<p>A Wientalterrasse egy az U4-es metr\u00f3 v\u00e1g\u00e1nyai \u00e9s r\u00e9szben a Wien-foly\u00f3 felett ki\u00e9p\u00edtett terasz, amely nyilv\u00e1nos parkk\u00e9nt szolg\u00e1l. A terasz kellemes fapadl\u00f3j\u00e1nak h\u00e1la ak\u00e1r mez\u00edtl\u00e1b is \u00e9vlezhetik itt szabadidej\u00fcket a l\u00e1togat\u00f3k.<br><br>A ker\u00fclet nyugati, eddig kev\u00e9sb\u00e9 n\u00e9pszer\u0171 r\u00e9sz\u00e9re jelent\u0151s fel\u00e9rt\u00e9kel\u0151d\u00e9s v\u00e1r, hiszen g\u0151zer\u0151vel \u00e9p\u00fcl az U2-es metr\u00f3 meghosszabb\u00edt\u00e1sa, melynek 3 \u00faj meg\u00e1ll\u00f3ja is a ker\u00fcletben tal\u00e1lhat\u00f3. Az \u00faj U2-es \u00e9s m\u00e1r megl\u00e9v\u0151 U4-es meg\u00e1ll\u00f3nak k\u00f6sz\u00f6nhet\u0151en a Pilgramgasse fontos \u00e1tsz\u00e1ll\u00f3helly\u00e9 v\u00e1lik. A k\u00f6vetkez\u0151 meg\u00e1ll\u00f3 a Reinprechtsdorfer Stra\u00dfe lesz, ahol az eg\u00e9sz k\u00f6rny\u00e9k felpezsd\u00fcl\u00e9s\u00e9t v\u00e1rj\u00e1k az \u00faj metr\u00f3meg\u00e1ll\u00f3 megnyit\u00e1s\u00e1t\u00f3l. A Matzleinsdorfer Platzon tal\u00e1lkozik majd az U2-es vonal 4 villamosvonallal, a badeni tram-trainnel \u00e9s a vas\u00fat\u00e1llom\u00e1ssal, ahol a v\u00e1rosi gyorsvas\u00fat t\u00f6rzsvonalai \u00e9s region\u00e1lis vonatok is meg\u00e1llnak. A 3 \u00faj metr\u00f3meg\u00e1ll\u00f3 megnyit\u00e1s\u00e1t 2028-ig tervezik. Az \u00e9p\u00edtkez\u00e9s azonban nem \u00e1ll meg, a Matzleinsdorfer Platz\u00f3l m\u00e9g 2 \u00faj meg\u00e1ll\u00f3t kap a metr\u00f3 eg\u00e9szen a Wienerbergig.<br><br><br>Forr\u00e1s: Stadt Wien, Immopreise.at, Otto Immobilien Wohnmarkt Magazin 2021<\/p>\n","protected":false},"excerpt":{"rendered":"<p>5. Margareten Az 5. ker\u00fclet a bels\u0151 ker\u00fcletek k\u00f6z\u00f6tt friss\u00edt\u0151en laza hangul\u00e1val h\u00edvja fel mag\u00e1ra a figyelmet. A k\u00f6rny\u00e9k mindig is vonzotta a m\u0171v\u00e9szeket, itt \u00e9lt \u00e9s alkotott p\u00e9ld\u00e1ul Falco, a 80-as \u00e9vek legend\u00e1s popikonja. Napjainkban t\u00f6bbnyire di\u00e1kok \u00e9s start-up v\u00e1llakoz\u00e1sok \u00e9l\u00e9nk\u00edtik a kor\u00e1bbi munk\u00e1snegyedet a Naschmarkt \u00e9s a Margaretenplatz k\u00f6r\u00fcl. Lak\u00e1spiac Jelenleg \u00e1tlagosan 5.992 [&hellip;]<\/p>\n","protected":false},"author":2,"featured_media":0,"comment_status":"closed","ping_status":"closed","sticky":false,"template":"","format":"standard","meta":{"inline_featured_image":false,"footnotes":""},"categories":[6],"tags":[],"class_list":["post-690","post","type-post","status-publish","format-standard","hentry","category-becs"],"yoast_head":"<!-- This site is optimized with the Yoast SEO plugin v25.7 - https:\/\/yoast.com\/wordpress\/plugins\/seo\/ -->\n<title>Bemutatkozik az 5. ker\u00fclet - B\u00e9csi Ingatlanok<\/title>\n<meta name=\"robots\" content=\"index, follow, max-snippet:-1, max-image-preview:large, max-video-preview:-1\" \/>\n<link rel=\"canonical\" href=\"https:\/\/becsingatlan.com\/pages\/bemutatkozik-az-5-kerulet\/\" \/>\n<meta property=\"og:locale\" content=\"en_US\" \/>\n<meta property=\"og:type\" content=\"article\" \/>\n<meta property=\"og:title\" content=\"Bemutatkozik az 5. ker\u00fclet - B\u00e9csi Ingatlanok\" \/>\n<meta property=\"og:description\" content=\"5. Margareten Az 5. ker\u00fclet a bels\u0151 ker\u00fcletek k\u00f6z\u00f6tt friss\u00edt\u0151en laza hangul\u00e1val h\u00edvja fel mag\u00e1ra a figyelmet. A k\u00f6rny\u00e9k mindig is vonzotta a m\u0171v\u00e9szeket, itt \u00e9lt \u00e9s alkotott p\u00e9ld\u00e1ul Falco, a 80-as \u00e9vek legend\u00e1s popikonja. Napjainkban t\u00f6bbnyire di\u00e1kok \u00e9s start-up v\u00e1llakoz\u00e1sok \u00e9l\u00e9nk\u00edtik a kor\u00e1bbi munk\u00e1snegyedet a Naschmarkt \u00e9s a Margaretenplatz k\u00f6r\u00fcl. Lak\u00e1spiac Jelenleg \u00e1tlagosan 5.992 [&hellip;]\" \/>\n<meta property=\"og:url\" content=\"https:\/\/becsingatlan.com\/pages\/bemutatkozik-az-5-kerulet\/\" \/>\n<meta property=\"og:site_name\" content=\"B\u00e9csi Ingatlanok\" \/>\n<meta property=\"article:publisher\" content=\"https:\/\/www.facebook.com\/becsingatlanok\/\" \/>\n<meta property=\"article:published_time\" content=\"2022-03-04T09:12:18+00:00\" \/>\n<meta property=\"article:modified_time\" content=\"2022-03-04T09:16:08+00:00\" \/>\n<meta property=\"og:image\" content=\"https:\/\/becsingatlan.com\/pages\/wp-content\/uploads\/2022\/03\/Immopreise-1.jpg\" \/>\n<meta name=\"author\" content=\"Zoltan Nagy\" \/>\n<meta name=\"twitter:card\" content=\"summary_large_image\" \/>\n<meta name=\"twitter:label1\" content=\"Written by\" \/>\n\t<meta name=\"twitter:data1\" content=\"Zoltan Nagy\" \/>\n\t<meta name=\"twitter:label2\" content=\"Est. reading time\" \/>\n\t<meta name=\"twitter:data2\" content=\"3 minutes\" \/>\n<script type=\"application\/ld+json\" class=\"yoast-schema-graph\">{\"@context\":\"https:\/\/schema.org\",\"@graph\":[{\"@type\":\"WebPage\",\"@id\":\"https:\/\/becsingatlan.com\/pages\/bemutatkozik-az-5-kerulet\/\",\"url\":\"https:\/\/becsingatlan.com\/pages\/bemutatkozik-az-5-kerulet\/\",\"name\":\"Bemutatkozik az 5. ker\u00fclet - B\u00e9csi Ingatlanok\",\"isPartOf\":{\"@id\":\"https:\/\/becsingatlan.com\/pages\/#website\"},\"primaryImageOfPage\":{\"@id\":\"https:\/\/becsingatlan.com\/pages\/bemutatkozik-az-5-kerulet\/#primaryimage\"},\"image\":{\"@id\":\"https:\/\/becsingatlan.com\/pages\/bemutatkozik-az-5-kerulet\/#primaryimage\"},\"thumbnailUrl\":\"https:\/\/becsingatlan.com\/pages\/wp-content\/uploads\/2022\/03\/Immopreise-1.jpg\",\"datePublished\":\"2022-03-04T09:12:18+00:00\",\"dateModified\":\"2022-03-04T09:16:08+00:00\",\"author\":{\"@id\":\"https:\/\/becsingatlan.com\/pages\/#\/schema\/person\/1731478b0ce667ef0f89dd249bad44d2\"},\"breadcrumb\":{\"@id\":\"https:\/\/becsingatlan.com\/pages\/bemutatkozik-az-5-kerulet\/#breadcrumb\"},\"inLanguage\":\"en-US\",\"potentialAction\":[{\"@type\":\"ReadAction\",\"target\":[\"https:\/\/becsingatlan.com\/pages\/bemutatkozik-az-5-kerulet\/\"]}]},{\"@type\":\"ImageObject\",\"inLanguage\":\"en-US\",\"@id\":\"https:\/\/becsingatlan.com\/pages\/bemutatkozik-az-5-kerulet\/#primaryimage\",\"url\":\"https:\/\/becsingatlan.com\/pages\/wp-content\/uploads\/2022\/03\/Immopreise-1.jpg\",\"contentUrl\":\"https:\/\/becsingatlan.com\/pages\/wp-content\/uploads\/2022\/03\/Immopreise-1.jpg\",\"width\":706,\"height\":427},{\"@type\":\"BreadcrumbList\",\"@id\":\"https:\/\/becsingatlan.com\/pages\/bemutatkozik-az-5-kerulet\/#breadcrumb\",\"itemListElement\":[{\"@type\":\"ListItem\",\"position\":1,\"name\":\"Home\",\"item\":\"https:\/\/becsingatlan.com\/pages\/\"},{\"@type\":\"ListItem\",\"position\":2,\"name\":\"Bemutatkozik az 5. ker\u00fclet\"}]},{\"@type\":\"WebSite\",\"@id\":\"https:\/\/becsingatlan.com\/pages\/#website\",\"url\":\"https:\/\/becsingatlan.com\/pages\/\",\"name\":\"B\u00e9csi Ingatlanok\",\"description\":\"\",\"potentialAction\":[{\"@type\":\"SearchAction\",\"target\":{\"@type\":\"EntryPoint\",\"urlTemplate\":\"https:\/\/becsingatlan.com\/pages\/?s={search_term_string}\"},\"query-input\":{\"@type\":\"PropertyValueSpecification\",\"valueRequired\":true,\"valueName\":\"search_term_string\"}}],\"inLanguage\":\"en-US\"},{\"@type\":\"Person\",\"@id\":\"https:\/\/becsingatlan.com\/pages\/#\/schema\/person\/1731478b0ce667ef0f89dd249bad44d2\",\"name\":\"Zoltan Nagy\",\"image\":{\"@type\":\"ImageObject\",\"inLanguage\":\"en-US\",\"@id\":\"https:\/\/becsingatlan.com\/pages\/#\/schema\/person\/image\/\",\"url\":\"https:\/\/secure.gravatar.com\/avatar\/1600d03194e3298bd5da77a5123420a195925fb0e25be9a8ea962e15f6d0a4f2?s=96&d=mm&r=g\",\"contentUrl\":\"https:\/\/secure.gravatar.com\/avatar\/1600d03194e3298bd5da77a5123420a195925fb0e25be9a8ea962e15f6d0a4f2?s=96&d=mm&r=g\",\"caption\":\"Zoltan Nagy\"},\"sameAs\":[\"http:\/\/becsingatlan.com\"],\"url\":\"https:\/\/becsingatlan.com\/pages\/author\/zoltan-nagy\/\"}]}<\/script>\n<!-- \/ Yoast SEO plugin. -->","yoast_head_json":{"title":"Bemutatkozik az 5. ker\u00fclet - B\u00e9csi Ingatlanok","robots":{"index":"index","follow":"follow","max-snippet":"max-snippet:-1","max-image-preview":"max-image-preview:large","max-video-preview":"max-video-preview:-1"},"canonical":"https:\/\/becsingatlan.com\/pages\/bemutatkozik-az-5-kerulet\/","og_locale":"en_US","og_type":"article","og_title":"Bemutatkozik az 5. ker\u00fclet - B\u00e9csi Ingatlanok","og_description":"5. Margareten Az 5. ker\u00fclet a bels\u0151 ker\u00fcletek k\u00f6z\u00f6tt friss\u00edt\u0151en laza hangul\u00e1val h\u00edvja fel mag\u00e1ra a figyelmet. A k\u00f6rny\u00e9k mindig is vonzotta a m\u0171v\u00e9szeket, itt \u00e9lt \u00e9s alkotott p\u00e9ld\u00e1ul Falco, a 80-as \u00e9vek legend\u00e1s popikonja. Napjainkban t\u00f6bbnyire di\u00e1kok \u00e9s start-up v\u00e1llakoz\u00e1sok \u00e9l\u00e9nk\u00edtik a kor\u00e1bbi munk\u00e1snegyedet a Naschmarkt \u00e9s a Margaretenplatz k\u00f6r\u00fcl. Lak\u00e1spiac Jelenleg \u00e1tlagosan 5.992 [&hellip;]","og_url":"https:\/\/becsingatlan.com\/pages\/bemutatkozik-az-5-kerulet\/","og_site_name":"B\u00e9csi Ingatlanok","article_publisher":"https:\/\/www.facebook.com\/becsingatlanok\/","article_published_time":"2022-03-04T09:12:18+00:00","article_modified_time":"2022-03-04T09:16:08+00:00","og_image":[{"url":"https:\/\/becsingatlan.com\/pages\/wp-content\/uploads\/2022\/03\/Immopreise-1.jpg","type":"","width":"","height":""}],"author":"Zoltan Nagy","twitter_card":"summary_large_image","twitter_misc":{"Written by":"Zoltan Nagy","Est. reading time":"3 minutes"},"schema":{"@context":"https:\/\/schema.org","@graph":[{"@type":"WebPage","@id":"https:\/\/becsingatlan.com\/pages\/bemutatkozik-az-5-kerulet\/","url":"https:\/\/becsingatlan.com\/pages\/bemutatkozik-az-5-kerulet\/","name":"Bemutatkozik az 5. ker\u00fclet - B\u00e9csi Ingatlanok","isPartOf":{"@id":"https:\/\/becsingatlan.com\/pages\/#website"},"primaryImageOfPage":{"@id":"https:\/\/becsingatlan.com\/pages\/bemutatkozik-az-5-kerulet\/#primaryimage"},"image":{"@id":"https:\/\/becsingatlan.com\/pages\/bemutatkozik-az-5-kerulet\/#primaryimage"},"thumbnailUrl":"https:\/\/becsingatlan.com\/pages\/wp-content\/uploads\/2022\/03\/Immopreise-1.jpg","datePublished":"2022-03-04T09:12:18+00:00","dateModified":"2022-03-04T09:16:08+00:00","author":{"@id":"https:\/\/becsingatlan.com\/pages\/#\/schema\/person\/1731478b0ce667ef0f89dd249bad44d2"},"breadcrumb":{"@id":"https:\/\/becsingatlan.com\/pages\/bemutatkozik-az-5-kerulet\/#breadcrumb"},"inLanguage":"en-US","potentialAction":[{"@type":"ReadAction","target":["https:\/\/becsingatlan.com\/pages\/bemutatkozik-az-5-kerulet\/"]}]},{"@type":"ImageObject","inLanguage":"en-US","@id":"https:\/\/becsingatlan.com\/pages\/bemutatkozik-az-5-kerulet\/#primaryimage","url":"https:\/\/becsingatlan.com\/pages\/wp-content\/uploads\/2022\/03\/Immopreise-1.jpg","contentUrl":"https:\/\/becsingatlan.com\/pages\/wp-content\/uploads\/2022\/03\/Immopreise-1.jpg","width":706,"height":427},{"@type":"BreadcrumbList","@id":"https:\/\/becsingatlan.com\/pages\/bemutatkozik-az-5-kerulet\/#breadcrumb","itemListElement":[{"@type":"ListItem","position":1,"name":"Home","item":"https:\/\/becsingatlan.com\/pages\/"},{"@type":"ListItem","position":2,"name":"Bemutatkozik az 5. ker\u00fclet"}]},{"@type":"WebSite","@id":"https:\/\/becsingatlan.com\/pages\/#website","url":"https:\/\/becsingatlan.com\/pages\/","name":"B\u00e9csi Ingatlanok","description":"","potentialAction":[{"@type":"SearchAction","target":{"@type":"EntryPoint","urlTemplate":"https:\/\/becsingatlan.com\/pages\/?s={search_term_string}"},"query-input":{"@type":"PropertyValueSpecification","valueRequired":true,"valueName":"search_term_string"}}],"inLanguage":"en-US"},{"@type":"Person","@id":"https:\/\/becsingatlan.com\/pages\/#\/schema\/person\/1731478b0ce667ef0f89dd249bad44d2","name":"Zoltan Nagy","image":{"@type":"ImageObject","inLanguage":"en-US","@id":"https:\/\/becsingatlan.com\/pages\/#\/schema\/person\/image\/","url":"https:\/\/secure.gravatar.com\/avatar\/1600d03194e3298bd5da77a5123420a195925fb0e25be9a8ea962e15f6d0a4f2?s=96&d=mm&r=g","contentUrl":"https:\/\/secure.gravatar.com\/avatar\/1600d03194e3298bd5da77a5123420a195925fb0e25be9a8ea962e15f6d0a4f2?s=96&d=mm&r=g","caption":"Zoltan Nagy"},"sameAs":["http:\/\/becsingatlan.com"],"url":"https:\/\/becsingatlan.com\/pages\/author\/zoltan-nagy\/"}]}},"_links":{"self":[{"href":"https:\/\/becsingatlan.com\/pages\/wp-json\/wp\/v2\/posts\/690","targetHints":{"allow":["GET"]}}],"collection":[{"href":"https:\/\/becsingatlan.com\/pages\/wp-json\/wp\/v2\/posts"}],"about":[{"href":"https:\/\/becsingatlan.com\/pages\/wp-json\/wp\/v2\/types\/post"}],"author":[{"embeddable":true,"href":"https:\/\/becsingatlan.com\/pages\/wp-json\/wp\/v2\/users\/2"}],"replies":[{"embeddable":true,"href":"https:\/\/becsingatlan.com\/pages\/wp-json\/wp\/v2\/comments?post=690"}],"version-history":[{"count":2,"href":"https:\/\/becsingatlan.com\/pages\/wp-json\/wp\/v2\/posts\/690\/revisions"}],"predecessor-version":[{"id":694,"href":"https:\/\/becsingatlan.com\/pages\/wp-json\/wp\/v2\/posts\/690\/revisions\/694"}],"wp:attachment":[{"href":"https:\/\/becsingatlan.com\/pages\/wp-json\/wp\/v2\/media?parent=690"}],"wp:term":[{"taxonomy":"category","embeddable":true,"href":"https:\/\/becsingatlan.com\/pages\/wp-json\/wp\/v2\/categories?post=690"},{"taxonomy":"post_tag","embeddable":true,"href":"https:\/\/becsingatlan.com\/pages\/wp-json\/wp\/v2\/tags?post=690"}],"curies":[{"name":"wp","href":"https:\/\/api.w.org\/{rel}","templated":true}]}}